{"id":16431,"date":"2025-05-28T16:11:17","date_gmt":"2025-05-28T19:11:17","guid":{"rendered":"https:\/\/hostnetart.com.br\/baixada\/o-que-muda-para-os-aposentados-com-o-aumento-da-meta-atuarial\/"},"modified":"2025-05-28T16:11:17","modified_gmt":"2025-05-28T19:11:17","slug":"o-que-muda-para-os-aposentados-com-o-aumento-da-meta-atuarial","status":"publish","type":"post","link":"https:\/\/hostnetart.com.br\/baixada\/o-que-muda-para-os-aposentados-com-o-aumento-da-meta-atuarial\/","title":{"rendered":"O que muda para os aposentados com o aumento da meta atuarial?"},"content":{"rendered":"<p>Muitos aposentados e pensionistas da Funcef t\u00eam uma d\u00favida comum quando se fala em meta atuarial: o que muda para quem j\u00e1 se aposentou? Se pensar no valor do benef\u00edcio, a resposta \u00e9 que n\u00e3o muda nada. Quem j\u00e1 recebe aposentadoria continua ganhando exatamente o que foi calculado no momento da concess\u00e3o.<\/p>\n<p>Mas isso n\u00e3o significa que a adequa\u00e7\u00e3o da meta n\u00e3o tenha impacto para esses participantes. Pelo contr\u00e1rio &#8211; quando feita de maneira adequada, a altera\u00e7\u00e3o \u00e9 essencial para fortalecer a sa\u00fade financeira dos planos, reduzir d\u00e9ficits e a necessidade de novos equacionamentos.<\/p>\n<p>Quando a meta \u00e9 elevada de forma compat\u00edvel com o cen\u00e1rio econ\u00f4mico e o perfil dos planos, o valor presente das reservas necess\u00e1rias para garantir os pagamentos futuros diminui. Em outras palavras, a Funcef precisa acumular menos recursos hoje para assegurar os pagamentos de todos os benef\u00edcios futuros.<br \/>A adequa\u00e7\u00e3o da meta atuarial, aprovada em dezembro de 2024, alterou a taxa do REG\/Replan Saldado de 4,5% +INPC para 4,75% + INPC e dos demais planos para 4,85% + INPC. A mudan\u00e7a j\u00e1 gerou impacto positivo de quase R$ 2 bilh\u00f5es no Reg\/Replan Saldado, R$ 240 milh\u00f5es no N\u00e3o Saldado, R$ 146 milh\u00f5es para os assistidos do Novo Plano e R$ 23 milh\u00f5es para os assistidos do REB, melhorando a solv\u00eancia e fortalecendo o equil\u00edbrio dos planos. Sem essa altera\u00e7\u00e3o, o Reg\/Replan Saldado teria registrado novo d\u00e9ficit de quase R$ 700 milh\u00f5es. A altera\u00e7\u00e3o da taxa praticamente eliminou o risco de novos equacionamentos<br \/>A altera\u00e7\u00e3o da taxa praticamente eliminou o risco de novos equacionamentos, garantindo mais al\u00edvio para os participantes ao praticamente &#8220;zerar&#8221; o d\u00e9ficit n\u00e3o equacionado do Saldado e tornando o Equil\u00edbrio T\u00e9cnico Ajustado (ETA) positivo, permitindo que a gest\u00e3o dos recursos seja feita com maior seguran\u00e7a para todos os participantes. Essas decis\u00f5es s\u00e3o baseadas em estudos t\u00e9cnicos rigorosos conduzidos internamente, validados por consultoria independente.<\/p>\n<p>Vale destacar o empenho da Fenae, Anapar e Contraf-CUT para que a Funcef adequasse a meta para percentuais condizentes com a realidade da economia e dos investimentos dos planos.<\/p>\n<h2><strong>O problema da redu\u00e7\u00e3o da meta<\/strong><\/h2>\n<p>Em 2017, a redu\u00e7\u00e3o da meta atuarial de 5,51% + INPC para 4,5% + INPC trouxe efeitos negativos para todos os planos, mas no caso do o Reg\/Replan Saldado e N\u00e3o Saldado gerou um custo de mais de R$ 6,5 bilh\u00f5es. Com a redu\u00e7\u00e3o foi feita sem necessidade e sem amparo de um estudo t\u00e9cnico, acabou criando um d\u00e9ficit n\u00e3o equacionado \u2013 isso em um plano j\u00e1 deficit\u00e1rio e com equacionamento.<\/p>\n<p>Esse d\u00e9ficit n\u00e3o equacionado permanece no balan\u00e7o da Funda\u00e7\u00e3o como um passivo, impondo uma necessidade de rentabilidade superior \u00e0 pr\u00f3pria meta atuarial para cobrir essa diferen\u00e7a. Funciona como se o Reg\/Replan estivesse operando no &#8220;cheque especial&#8221;, e parte da rentabilidade dos investimentos \u00e9 consumida para cobrir a corre\u00e7\u00e3o do d\u00e9ficit n\u00e3o equacionado, dificultando ainda mais o alcance de super\u00e1vits e aumentando o risco de novos equacionamentos.<\/p>\n<p><strong>Fonte: Contraf-CUT<\/strong><\/p>\n","protected":false},"excerpt":{"rendered":"<p>Muitos aposentados e pensionistas da Funcef t\u00eam uma d\u00favida comum quando se fala em meta atuarial: o que muda para quem j\u00e1 se aposentou? Se pensar no valor do benef\u00edcio, a resposta \u00e9 que n\u00e3o muda nada. Quem j\u00e1 recebe aposentadoria continua ganhando exatamente o que foi calculado no momento da concess\u00e3o. Mas isso n\u00e3o [&hellip;]<\/p>\n","protected":false},"author":2,"featured_media":16430,"comment_status":"","ping_status":"","sticky":false,"template":"","format":"standard","meta":{"footnotes":""},"categories":[3],"tags":[],"class_list":["post-16431","post","type-post","status-publish","format-standard","has-post-thumbnail","hentry","category-noticias"],"_links":{"self":[{"href":"https:\/\/hostnetart.com.br\/baixada\/wp-json\/wp\/v2\/posts\/16431","targetHints":{"allow":["GET"]}}],"collection":[{"href":"https:\/\/hostnetart.com.br\/baixada\/wp-json\/wp\/v2\/posts"}],"about":[{"href":"https:\/\/hostnetart.com.br\/baixada\/wp-json\/wp\/v2\/types\/post"}],"author":[{"embeddable":true,"href":"https:\/\/hostnetart.com.br\/baixada\/wp-json\/wp\/v2\/users\/2"}],"replies":[{"embeddable":true,"href":"https:\/\/hostnetart.com.br\/baixada\/wp-json\/wp\/v2\/comments?post=16431"}],"version-history":[{"count":0,"href":"https:\/\/hostnetart.com.br\/baixada\/wp-json\/wp\/v2\/posts\/16431\/revisions"}],"wp:featuredmedia":[{"embeddable":true,"href":"https:\/\/hostnetart.com.br\/baixada\/wp-json\/wp\/v2\/media\/16430"}],"wp:attachment":[{"href":"https:\/\/hostnetart.com.br\/baixada\/wp-json\/wp\/v2\/media?parent=16431"}],"wp:term":[{"taxonomy":"category","embeddable":true,"href":"https:\/\/hostnetart.com.br\/baixada\/wp-json\/wp\/v2\/categories?post=16431"},{"taxonomy":"post_tag","embeddable":true,"href":"https:\/\/hostnetart.com.br\/baixada\/wp-json\/wp\/v2\/tags?post=16431"}],"curies":[{"name":"wp","href":"https:\/\/api.w.org\/{rel}","templated":true}]}}