{"id":1643,"date":"2013-10-24T00:00:00","date_gmt":"2013-10-24T02:00:00","guid":{"rendered":"https:\/\/hostnetart.com.br\/baixada\/marta-destaca-importancia-do-vale-cultura-na-convencao-dos-bancarios\/"},"modified":"2013-10-24T00:00:00","modified_gmt":"2013-10-24T02:00:00","slug":"marta-destaca-importancia-do-vale-cultura-na-convencao-dos-bancarios","status":"publish","type":"post","link":"https:\/\/hostnetart.com.br\/baixada\/marta-destaca-importancia-do-vale-cultura-na-convencao-dos-bancarios\/","title":{"rendered":"Marta destaca import\u00e2ncia do vale-cultura na conven\u00e7\u00e3o dos banc\u00e1rios"},"content":{"rendered":"<p>A ministra da Cultura, Marta Suplicy, participou na ter\u00e7a-feira (22) da reuni\u00e3o da dire\u00e7\u00e3o da CUT, em S\u00e3o Paulo, e destacou a import\u00e2ncia da inclus\u00e3o do vale-cultura na conven\u00e7\u00e3o coletiva que os banc\u00e1rios assinaram no \u00faltimo dia 18.<\/p>\n<p>\u00a0<\/p>\n<p>\u201cAp\u00f3s a aprova\u00e7\u00e3o no Congresso e a san\u00e7\u00e3o da presidenta Dilma, esse foi o momento mais importante (para o benef\u00edcio)\u201d, afirmou Marta.<\/p>\n<p>\u00a0<\/p>\n<p>A categoria \u00e9 a primeira a aderir ao programa por meio de uma campanha salarial. Os trabalhadores que recebem at\u00e9 cinco sal\u00e1rios m\u00ednimos ter\u00e3o direito a R$ 50 por m\u00eas para utilizarem na compra de ingressos para shows, teatro, cinema, compra de CDs e outros produtos culturais.<\/p>\n<p>\u00a0<\/p>\n<p>Entre 2% e 10% deste valor \u00e9 descontado, de acordo com a faixa salarial. A expectativa \u00e9 atingir mais de 300 mil banc\u00e1rios.<\/p>\n<p>\u00a0<\/p>\n<p>Para o presidente da CUT, Vagner Freitas, a conquista \u00e9 importante para ampliar o acesso \u00e0 cultura e as campanhas ter\u00e3o, a partir de agora, a responsabilidade de brigar tamb\u00e9m por esse direito. \u201c\u00c9 uma pol\u00edtica important\u00edssima, que s\u00f3 poderia ter sido feita num governo democr\u00e1tico e popular\u201d, acrescentou o dirigente.<\/p>\n<p>\u00a0<\/p>\n<p>Al\u00e9m de apontar que a ades\u00e3o ao programa n\u00e3o custa nada al\u00e9m de boa vontade dos empres\u00e1rios \u2013 o empregador poder\u00e1 deduzir o valor ou, no caso dos pequenos comerciantes, n\u00e3o ter\u00e3o o vale tributado como parte da folha \u2013 a ministra tamb\u00e9m falou sobre o reflexo que o programa pode trazer \u00e0s regi\u00f5es mais pobres.<\/p>\n<p>\u00a0<\/p>\n<p>\u201cFaltam bancas de jornal nas periferias porque as publica\u00e7\u00f5es s\u00e3o caras. Com o vale-cultura, os trabalhadores poder\u00e3o comprar jornais, revistas e fazer com que surja esse tipo de com\u00e9rcio tamb\u00e9m nas \u00e1reas mais afastadas dos centros\u201d, avaliou Marta.<\/p>\n<p>\u00a0<\/p>\n<p>Segundo ela, 673 empresas j\u00e1 aderiram ao programa e 38 mil trabalhadores foram beneficiados. Outras cinco milh\u00f5es de empresas podem participar e favorecer 36 milh\u00f5es de pessoas que ganham at\u00e9 cinco m\u00ednimos.<\/p>\n<p>\u00a0<\/p>\n<p>\u00a0<\/p>\n<p><strong>Cultura para democratizar\u00a0<\/strong><\/p>\n<p>\u00a0<\/p>\n<p>Vagner aproveitou a ocasi\u00e3o para destacar que a Central discute a cria\u00e7\u00e3o de um departamento de cultura, nos moldes do que a CUT-SP j\u00e1 possui e que a ideia \u00e9 buscar mais uma forma de comunica\u00e7\u00e3o com a sociedade, especialmente, a juventude.<\/p>\n<p>\u00a0<\/p>\n<p>\u201cPrecisamos transformar o ambiente da participa\u00e7\u00e3o pol\u00edtica em um ambiente legal para os jovens porque vemos certo afastamento em rela\u00e7\u00e3o aos partidos pol\u00edticos e aos sindicatos. Ficamos muito pragm\u00e1ticos, pensando em sal\u00e1rio, emprego, mas s\u00f3 isso n\u00e3o faz com que fa\u00e7amos a renova\u00e7\u00e3o\u201d, disse o dirigente.<\/p>\n<p>\u00a0<\/p>\n<p>Marta tamb\u00e9m tratou da tentativa do Minist\u00e9rio de descentralizar os recursos da Lei Rouanet \u2013 que concentra 80% dos investimentos culturais na regi\u00e3o sudeste \u2013 por meio da cria\u00e7\u00e3o de editais com eixos espec\u00edficos para as demais regi\u00f5es e de olho em recortes de g\u00eanero e ra\u00e7a.<\/p>\n<p>\u00a0<\/p>\n<p>A ministra citou ainda que o governo pretende criar 300 Centros de Artes e Esportes Unicados (CEUs) em todo o Brasil nas cidades mais remotas do Brasil at\u00e9 o final de 2014, comentou o desafio de ampliar a imagem do pa\u00eds no exterior por meio da cultura e tratou do conv\u00eanio com a prefeitura de S\u00e3o Paulo no valor de R$ 3 milh\u00f5es para a instala\u00e7\u00e3o de 80 pontos de cultura na capital.<\/p>\n<p>\u00a0<\/p>\n<p>Ao final, questionada pelos dirigentes sobre a recente pol\u00eamica das biografias, afirmou ser favor\u00e1vel \u00e0 liberdade de express\u00e3o, desde que acompanhada pelo aumento da multa em caso de difama\u00e7\u00e3o dos biografados.<\/p>\n<p>\u00a0<\/p>\n<p>Fonte: CUT<\/p>\n","protected":false},"excerpt":{"rendered":"<p>A ministra da Cultura, Marta Suplicy, participou na ter\u00e7a-feira (22) da reuni\u00e3o da dire\u00e7\u00e3o da CUT, em S\u00e3o Paulo, e destacou a import\u00e2ncia da inclus\u00e3o do vale-cultura na conven\u00e7\u00e3o coletiva que os banc\u00e1rios assinaram no \u00faltimo dia 18. \u00a0 \u201cAp\u00f3s a aprova\u00e7\u00e3o no Congresso e a san\u00e7\u00e3o da presidenta Dilma, esse foi o momento mais [&hellip;]<\/p>\n","protected":false},"author":1,"featured_media":0,"comment_status":"","ping_status":"","sticky":false,"template":"","format":"standard","meta":{"footnotes":""},"categories":[3],"tags":[],"class_list":["post-1643","post","type-post","status-publish","format-standard","hentry","category-noticias"],"_links":{"self":[{"href":"https:\/\/hostnetart.com.br\/baixada\/wp-json\/wp\/v2\/posts\/1643","targetHints":{"allow":["GET"]}}],"collection":[{"href":"https:\/\/hostnetart.com.br\/baixada\/wp-json\/wp\/v2\/posts"}],"about":[{"href":"https:\/\/hostnetart.com.br\/baixada\/wp-json\/wp\/v2\/types\/post"}],"author":[{"embeddable":true,"href":"https:\/\/hostnetart.com.br\/baixada\/wp-json\/wp\/v2\/users\/1"}],"replies":[{"embeddable":true,"href":"https:\/\/hostnetart.com.br\/baixada\/wp-json\/wp\/v2\/comments?post=1643"}],"version-history":[{"count":0,"href":"https:\/\/hostnetart.com.br\/baixada\/wp-json\/wp\/v2\/posts\/1643\/revisions"}],"wp:attachment":[{"href":"https:\/\/hostnetart.com.br\/baixada\/wp-json\/wp\/v2\/media?parent=1643"}],"wp:term":[{"taxonomy":"category","embeddable":true,"href":"https:\/\/hostnetart.com.br\/baixada\/wp-json\/wp\/v2\/categories?post=1643"},{"taxonomy":"post_tag","embeddable":true,"href":"https:\/\/hostnetart.com.br\/baixada\/wp-json\/wp\/v2\/tags?post=1643"}],"curies":[{"name":"wp","href":"https:\/\/api.w.org\/{rel}","templated":true}]}}