{"id":16427,"date":"2025-05-27T13:55:53","date_gmt":"2025-05-27T16:55:53","guid":{"rendered":"https:\/\/hostnetart.com.br\/baixada\/faculdade-28-de-agosto-oferece-curso-esg-sobre-sustentabilidade-responsabilidade-social-e-transparencia-nas-empresas\/"},"modified":"2025-05-27T13:55:53","modified_gmt":"2025-05-27T16:55:53","slug":"faculdade-28-de-agosto-oferece-curso-esg-sobre-sustentabilidade-responsabilidade-social-e-transparencia-nas-empresas","status":"publish","type":"post","link":"https:\/\/hostnetart.com.br\/baixada\/faculdade-28-de-agosto-oferece-curso-esg-sobre-sustentabilidade-responsabilidade-social-e-transparencia-nas-empresas\/","title":{"rendered":"Faculdade 28 de Agosto oferece curso ESG, sobre sustentabilidade, responsabilidade social e transpar\u00eancia nas empresas"},"content":{"rendered":"<p>A Faculdade 28 de Agosto abriu as inscri\u00e7\u00f5es para o curso ESG &#8211; Fundamentos e Desafios para o Futuro, que ser\u00e1\u00a0<strong>realizado do dia 9 ao dia 18 de junho, em quatro encontros (\u00e0s segundas e quartas), das 19h00 \u00e0s 20h30<\/strong>.<\/p>\n<p>As\u00a0<strong>inscri\u00e7\u00f5es devem ser feitas at\u00e9 o dia 6 de junho<\/strong>, com uma taxa \u00fanica de R$ 150 para banc\u00e1rios filiados aos sindicatos da base da Contraf-CUT ou R$ 300 para o p\u00fablico em geral.<\/p>\n<p><a href=\"https:\/\/loja.spbancarios.com.br\/produto\/esg\/?_gl=1*17ca6az*_gcl_au*NjQ1MTEyMTQ4LjE3NDc3NjE5NTM.*_ga*NjI4MDY5MDgxLjE3MTM4MTY4NDI.*_ga_T1YR283R0X*czE3NDc5MjcwMDAkbzI3NyRnMSR0MTc0NzkyNzA5NSRqNjAkbDAkaDAkZEJjT2JtS216OEdmYXpvbmFac1pnZFZUckV3Sy1OckpaUFE\" target=\"_blank\" rel=\"noopener noreferrer\">Inscreva-se aqui.<\/a><\/p>\n<p>ESG \u00e9 a abrevia\u00e7\u00e3o de &#8220;Environmental, Social, and Governance&#8221; que, na tradu\u00e7\u00e3o para o portugu\u00eas significa &#8220;Ambiental, Social e Governan\u00e7a&#8221;. O termo foi criado em 2004, em uma publica\u00e7\u00e3o do Pacto Global (da Organiza\u00e7\u00e3o das Na\u00e7\u00f5es Unidas\/ONU) em parceria com o Banco Mundial, a partir de provoca\u00e7\u00f5es do ent\u00e3o secret\u00e1rio-geral da ONU, Kofi Annan, para 50 diretores de grandes institui\u00e7\u00f5es financeiras.<\/p>\n<p>Trata-se de uma s\u00e9rie de crit\u00e9rios para avaliar o desempenho de empresas em termos de sustentabilidade, responsabilidade social e transpar\u00eancia e que passou a influenciar as institui\u00e7\u00f5es financeiras na determina\u00e7\u00e3o de carteiras e modelos de neg\u00f3cios nos \u00faltimos anos.<\/p>\n<p>Em nota, na p\u00e1gina de inscri\u00e7\u00e3o do curso, a Faculdade 28 de Agosto explana que, os\u00a0<strong>&#8220;movimentos sociais e pol\u00edticos recentes t\u00eam colocado em xeque as pol\u00edticas e programas de ESG&#8221;<\/strong>, o que ser\u00e1 abordado nas aulas ministradas pela doutora em Ci\u00eancias Sociais pela PUC-SP, Lilian Rose Arruda.\u00a0<strong>&#8220;O objetivo deste curso \u00e9 conhecer os conceitos de sustentabilidade e ESG que d\u00e3o base para muitas empresas adotarem suas pr\u00e1ticas de ESG e verificar ferramentas importantes que s\u00e3o utilizadas para este fim. Trata-se de refletir, tamb\u00e9m, sobre os limites das pol\u00edticas de ESG no \u00e2mbito das empresas e em determinados contextos sociais e pol\u00edticos&#8221;<\/strong>, completa a institui\u00e7\u00e3o de ensino.<\/p>\n<p>Para inscrever-se e acessar a descri\u00e7\u00e3o detalhada (ementa) do curso,\u00a0<a href=\"https:\/\/loja.spbancarios.com.br\/produto\/esg\/?_gl=1*17ca6az*_gcl_au*NjQ1MTEyMTQ4LjE3NDc3NjE5NTM.*_ga*NjI4MDY5MDgxLjE3MTM4MTY4NDI.*_ga_T1YR283R0X*czE3NDc5MjcwMDAkbzI3NyRnMSR0MTc0NzkyNzA5NSRqNjAkbDAkaDAkZEJjT2JtS216OEdmYXpvbmFac1pnZFZUckV3Sy1OckpaUFE\" target=\"_blank\" rel=\"noopener noreferrer\"><strong>clique aqui<\/strong><\/a>.<\/p>\n<p>Em caso de d\u00favidas, voc\u00ea poder\u00e1 entrar em contato direto com a Faculdade 28 de Agosto<a href=\"https:\/\/api.whatsapp.com\/send?1=pt_BR&amp;phone=5511998283809\" target=\"_blank\" rel=\"noopener noreferrer\"><strong>\u00a0via WhatsApp: clique aqui.<\/strong><\/a><\/p>\n<p><strong>Fonte: Contraf-CUT<\/strong><\/p>\n","protected":false},"excerpt":{"rendered":"<p>A Faculdade 28 de Agosto abriu as inscri\u00e7\u00f5es para o curso ESG &#8211; Fundamentos e Desafios para o Futuro, que ser\u00e1\u00a0realizado do dia 9 ao dia 18 de junho, em quatro encontros (\u00e0s segundas e quartas), das 19h00 \u00e0s 20h30. As\u00a0inscri\u00e7\u00f5es devem ser feitas at\u00e9 o dia 6 de junho, com uma taxa \u00fanica de [&hellip;]<\/p>\n","protected":false},"author":2,"featured_media":16426,"comment_status":"","ping_status":"","sticky":false,"template":"","format":"standard","meta":{"footnotes":""},"categories":[3],"tags":[],"class_list":["post-16427","post","type-post","status-publish","format-standard","has-post-thumbnail","hentry","category-noticias"],"_links":{"self":[{"href":"https:\/\/hostnetart.com.br\/baixada\/wp-json\/wp\/v2\/posts\/16427","targetHints":{"allow":["GET"]}}],"collection":[{"href":"https:\/\/hostnetart.com.br\/baixada\/wp-json\/wp\/v2\/posts"}],"about":[{"href":"https:\/\/hostnetart.com.br\/baixada\/wp-json\/wp\/v2\/types\/post"}],"author":[{"embeddable":true,"href":"https:\/\/hostnetart.com.br\/baixada\/wp-json\/wp\/v2\/users\/2"}],"replies":[{"embeddable":true,"href":"https:\/\/hostnetart.com.br\/baixada\/wp-json\/wp\/v2\/comments?post=16427"}],"version-history":[{"count":0,"href":"https:\/\/hostnetart.com.br\/baixada\/wp-json\/wp\/v2\/posts\/16427\/revisions"}],"wp:featuredmedia":[{"embeddable":true,"href":"https:\/\/hostnetart.com.br\/baixada\/wp-json\/wp\/v2\/media\/16426"}],"wp:attachment":[{"href":"https:\/\/hostnetart.com.br\/baixada\/wp-json\/wp\/v2\/media?parent=16427"}],"wp:term":[{"taxonomy":"category","embeddable":true,"href":"https:\/\/hostnetart.com.br\/baixada\/wp-json\/wp\/v2\/categories?post=16427"},{"taxonomy":"post_tag","embeddable":true,"href":"https:\/\/hostnetart.com.br\/baixada\/wp-json\/wp\/v2\/tags?post=16427"}],"curies":[{"name":"wp","href":"https:\/\/api.w.org\/{rel}","templated":true}]}}