{"id":16425,"date":"2025-05-26T21:31:53","date_gmt":"2025-05-27T00:31:53","guid":{"rendered":"https:\/\/hostnetart.com.br\/baixada\/cartilha-subsidia-luta-em-defesa-do-saude-caixa\/"},"modified":"2025-05-26T21:31:53","modified_gmt":"2025-05-27T00:31:53","slug":"cartilha-subsidia-luta-em-defesa-do-saude-caixa","status":"publish","type":"post","link":"https:\/\/hostnetart.com.br\/baixada\/cartilha-subsidia-luta-em-defesa-do-saude-caixa\/","title":{"rendered":"Cartilha subsidia luta em defesa do Sa\u00fade Caixa"},"content":{"rendered":"<p>A Federa\u00e7\u00e3o Nacional das Associa\u00e7\u00f5es do Pessoal da Caixa (Fenae), em parceria com a Confedera\u00e7\u00e3o Nacional dos Trabalhadores do Ramo Financeiro (Contraf-CUT), elaborou uma cartilha sobre o Sa\u00fade Caixa.<\/p>\n<p>O material traz um hist\u00f3rico da assist\u00eancia \u00e0 sa\u00fade dos trabalhadores, desde o extinto Servi\u00e7o de Assist\u00eancia e Seguro Social dos Economi\u00e1rios (Sasse), passando prelo Programa de Assist\u00eancia M\u00e9dica Supletiva (Pams), at\u00e9 chegar ao Sa\u00fade Caixa e a situa\u00e7\u00e3o atual do plano.<\/p>\n<p>\u201cA cartilha \u00e9 um subs\u00eddio fundamental para a luta em defesa do Sa\u00fade Caixa, que \u00e9 uma das maiores conquistas das empregadas e empregados da Caixa. Por isso, orientamos que as entidades distribuam o material para dirigentes, empregadas e empregados da Caixa de suas respectivas bases sindicais, como uma forma de esclarecer, capacitar e mobilizar os trabalhadores para o debate em torno da renova\u00e7\u00e3o do aditivo ao Acordo Coletivo de Trabalho sobre o plano, que deve ser renovado at\u00e9 o final de 2025\u201d, explicou o coordenador da Comiss\u00e3o Executiva dos Empregados (CEE) da Caixa, Felipe Pacheco.<\/p>\n<p><strong>Fonte: Contraf-CUT<\/strong><\/p>\n","protected":false},"excerpt":{"rendered":"<p>A Federa\u00e7\u00e3o Nacional das Associa\u00e7\u00f5es do Pessoal da Caixa (Fenae), em parceria com a Confedera\u00e7\u00e3o Nacional dos Trabalhadores do Ramo Financeiro (Contraf-CUT), elaborou uma cartilha sobre o Sa\u00fade Caixa. O material traz um hist\u00f3rico da assist\u00eancia \u00e0 sa\u00fade dos trabalhadores, desde o extinto Servi\u00e7o de Assist\u00eancia e Seguro Social dos Economi\u00e1rios (Sasse), passando prelo Programa [&hellip;]<\/p>\n","protected":false},"author":2,"featured_media":16424,"comment_status":"","ping_status":"","sticky":false,"template":"","format":"standard","meta":{"footnotes":""},"categories":[3],"tags":[],"class_list":["post-16425","post","type-post","status-publish","format-standard","has-post-thumbnail","hentry","category-noticias"],"_links":{"self":[{"href":"https:\/\/hostnetart.com.br\/baixada\/wp-json\/wp\/v2\/posts\/16425","targetHints":{"allow":["GET"]}}],"collection":[{"href":"https:\/\/hostnetart.com.br\/baixada\/wp-json\/wp\/v2\/posts"}],"about":[{"href":"https:\/\/hostnetart.com.br\/baixada\/wp-json\/wp\/v2\/types\/post"}],"author":[{"embeddable":true,"href":"https:\/\/hostnetart.com.br\/baixada\/wp-json\/wp\/v2\/users\/2"}],"replies":[{"embeddable":true,"href":"https:\/\/hostnetart.com.br\/baixada\/wp-json\/wp\/v2\/comments?post=16425"}],"version-history":[{"count":0,"href":"https:\/\/hostnetart.com.br\/baixada\/wp-json\/wp\/v2\/posts\/16425\/revisions"}],"wp:featuredmedia":[{"embeddable":true,"href":"https:\/\/hostnetart.com.br\/baixada\/wp-json\/wp\/v2\/media\/16424"}],"wp:attachment":[{"href":"https:\/\/hostnetart.com.br\/baixada\/wp-json\/wp\/v2\/media?parent=16425"}],"wp:term":[{"taxonomy":"category","embeddable":true,"href":"https:\/\/hostnetart.com.br\/baixada\/wp-json\/wp\/v2\/categories?post=16425"},{"taxonomy":"post_tag","embeddable":true,"href":"https:\/\/hostnetart.com.br\/baixada\/wp-json\/wp\/v2\/tags?post=16425"}],"curies":[{"name":"wp","href":"https:\/\/api.w.org\/{rel}","templated":true}]}}