{"id":16419,"date":"2025-05-23T15:55:21","date_gmt":"2025-05-23T18:55:21","guid":{"rendered":"https:\/\/hostnetart.com.br\/baixada\/curso-paternidade-e-maternidade-com-relacoes-compartilhadas-inicia-nova-turma-em-junho\/"},"modified":"2025-05-23T15:55:21","modified_gmt":"2025-05-23T18:55:21","slug":"curso-paternidade-e-maternidade-com-relacoes-compartilhadas-inicia-nova-turma-em-junho","status":"publish","type":"post","link":"https:\/\/hostnetart.com.br\/baixada\/curso-paternidade-e-maternidade-com-relacoes-compartilhadas-inicia-nova-turma-em-junho\/","title":{"rendered":"Curso Paternidade e Maternidade com Rela\u00e7\u00f5es Compartilhadas inicia nova turma em junho"},"content":{"rendered":"<p>O Centro de Forma\u00e7\u00e3o Profissional 28 de Agosto lan\u00e7a nova turma do curso\u00a0<a href=\"https:\/\/loja.spbancarios.com.br\/produto\/paternidade-responsavel\/?_gl=1*1ryj5oh*_gcl_au*NjQ1MTEyMTQ4LjE3NDc3NjE5NTM.*_ga*NjI4MDY5MDgxLjE3MTM4MTY4NDI.*_ga_T1YR283R0X*czE3NDc5MjcwMDAkbzI3NyRnMSR0MTc0NzkyNzI4MCRqMzkkbDAkaDAkZEJjT2JtS216OEdmYXpvbmFac1pnZFZUckV3Sy1OckpaUFE\" target=\"_blank\" rel=\"noopener noreferrer\"><strong>Paternidade e Maternidade com Rela\u00e7\u00f5es Compartilhadas<\/strong><\/a>, destinado aos interessados em aprender a construir boas rela\u00e7\u00f5es com os filhos.<\/p>\n<p>As inscri\u00e7\u00f5es j\u00e1 podem ser feitas (<a href=\"https:\/\/loja.spbancarios.com.br\/produto\/paternidade-responsavel\/?_gl=1*1ryj5oh*_gcl_au*NjQ1MTEyMTQ4LjE3NDc3NjE5NTM.*_ga*NjI4MDY5MDgxLjE3MTM4MTY4NDI.*_ga_T1YR283R0X*czE3NDc5MjcwMDAkbzI3NyRnMSR0MTc0NzkyNzI4MCRqMzkkbDAkaDAkZEJjT2JtS216OEdmYXpvbmFac1pnZFZUckV3Sy1OckpaUFE\" target=\"_blank\" rel=\"noopener noreferrer\"><strong>clique aqui<\/strong><\/a>) para as aulas que ser\u00e3o ao vivo e totalmente online,\u00a0<strong>de 9 a 12 de junho (segunda a quinta), das 19h30 \u00e0s 21h30<\/strong>.<\/p>\n<p>Para o p\u00fablico em geral, o valor total \u00e9 R$ 250, mas para os banc\u00e1rios filiados aos sindicatos da base da Contraf-CUT o valor \u00e9 de apenas R$ 150.<\/p>\n<h2>Banc\u00e1rio, amplie sua licen\u00e7a paternidade para 20 dias!<\/h2>\n<p>O curso \u00e9 pr\u00e9-requisito para que os banc\u00e1rios tenham a licen\u00e7a-paternidade de 20 dias &#8211; uma conquista da categoria, obtida na Campanha Nacional de 2016.<\/p>\n<p>&#8220;<strong>O curso paternidade respons\u00e1vel \u00e9 fundamental para que os homens compreendam a din\u00e2mica de lidar com uma crian\u00e7a rec\u00e9m-nascida, algo que historicamente foi delegado apenas \u00e0s mulheres. Por isso, n\u00f3s incentivamos a inscri\u00e7\u00e3o dos colegas neste curso, para que possam compartilhar, da forma mais justa poss\u00edvel, esse trabalho de cuidado com os filhos, e assim reduzir o peso que recai mais sobre as mulheres<\/strong>&#8220;, destaca a secret\u00e1ria da Mulher da Contraf-CUT, Fernanda Lopes.<\/p>\n<p><strong>\u201cO curso \u00e9 interdisciplinar, realizado por professores de diversas \u00e1reas da educa\u00e7\u00e3o, psicologia, sociologia e m\u00e9dica&#8221;<\/strong>, explica uma das docentes do curso, Ana Tercia Sanches.\u00a0<strong>&#8220;A chegada de uma crian\u00e7a \u00e9 um momento especial, que ficar\u00e1 marcado na vida dos pais e das m\u00e3es, afinal, no corre-corre da vida destinamos pouco tempo para pensar nestas rela\u00e7\u00f5es e cuidados t\u00e3o essenciais\u201d<\/strong>, observou.<\/p>\n<p>Para mais informa\u00e7\u00f5es e para inscri\u00e7\u00f5es acesse o\u00a0<a href=\"https:\/\/loja.spbancarios.com.br\/produto\/paternidade-responsavel\/?_gl=1*1ryj5oh*_gcl_au*NjQ1MTEyMTQ4LjE3NDc3NjE5NTM.*_ga*NjI4MDY5MDgxLjE3MTM4MTY4NDI.*_ga_T1YR283R0X*czE3NDc5MjcwMDAkbzI3NyRnMSR0MTc0NzkyNzI4MCRqMzkkbDAkaDAkZEJjT2JtS216OEdmYXpvbmFac1pnZFZUckV3Sy1OckpaUFE\" target=\"_blank\" rel=\"noopener noreferrer\"><strong>link &#8211; Paternidade e Maternidade com Rela\u00e7\u00f5es Compartilhadas.<\/strong><\/a><\/p>\n<p><strong>Fonte: Contraf-CUT<\/strong><\/p>\n","protected":false},"excerpt":{"rendered":"<p>O Centro de Forma\u00e7\u00e3o Profissional 28 de Agosto lan\u00e7a nova turma do curso\u00a0Paternidade e Maternidade com Rela\u00e7\u00f5es Compartilhadas, destinado aos interessados em aprender a construir boas rela\u00e7\u00f5es com os filhos. As inscri\u00e7\u00f5es j\u00e1 podem ser feitas (clique aqui) para as aulas que ser\u00e3o ao vivo e totalmente online,\u00a0de 9 a 12 de junho (segunda a [&hellip;]<\/p>\n","protected":false},"author":2,"featured_media":16418,"comment_status":"","ping_status":"","sticky":false,"template":"","format":"standard","meta":{"footnotes":""},"categories":[3],"tags":[],"class_list":["post-16419","post","type-post","status-publish","format-standard","has-post-thumbnail","hentry","category-noticias"],"_links":{"self":[{"href":"https:\/\/hostnetart.com.br\/baixada\/wp-json\/wp\/v2\/posts\/16419","targetHints":{"allow":["GET"]}}],"collection":[{"href":"https:\/\/hostnetart.com.br\/baixada\/wp-json\/wp\/v2\/posts"}],"about":[{"href":"https:\/\/hostnetart.com.br\/baixada\/wp-json\/wp\/v2\/types\/post"}],"author":[{"embeddable":true,"href":"https:\/\/hostnetart.com.br\/baixada\/wp-json\/wp\/v2\/users\/2"}],"replies":[{"embeddable":true,"href":"https:\/\/hostnetart.com.br\/baixada\/wp-json\/wp\/v2\/comments?post=16419"}],"version-history":[{"count":0,"href":"https:\/\/hostnetart.com.br\/baixada\/wp-json\/wp\/v2\/posts\/16419\/revisions"}],"wp:featuredmedia":[{"embeddable":true,"href":"https:\/\/hostnetart.com.br\/baixada\/wp-json\/wp\/v2\/media\/16418"}],"wp:attachment":[{"href":"https:\/\/hostnetart.com.br\/baixada\/wp-json\/wp\/v2\/media?parent=16419"}],"wp:term":[{"taxonomy":"category","embeddable":true,"href":"https:\/\/hostnetart.com.br\/baixada\/wp-json\/wp\/v2\/categories?post=16419"},{"taxonomy":"post_tag","embeddable":true,"href":"https:\/\/hostnetart.com.br\/baixada\/wp-json\/wp\/v2\/tags?post=16419"}],"curies":[{"name":"wp","href":"https:\/\/api.w.org\/{rel}","templated":true}]}}