{"id":16417,"date":"2025-05-23T14:02:17","date_gmt":"2025-05-23T17:02:17","guid":{"rendered":"https:\/\/hostnetart.com.br\/baixada\/sindicato-dos-bancarios-da-baixada-fluminense-parabeniza-fetraf-rj-es-pelos-67-anos\/"},"modified":"2025-05-23T14:02:17","modified_gmt":"2025-05-23T17:02:17","slug":"sindicato-dos-bancarios-da-baixada-fluminense-parabeniza-fetraf-rj-es-pelos-67-anos","status":"publish","type":"post","link":"https:\/\/hostnetart.com.br\/baixada\/sindicato-dos-bancarios-da-baixada-fluminense-parabeniza-fetraf-rj-es-pelos-67-anos\/","title":{"rendered":"Sindicato dos Banc\u00e1rios da Baixada Fluminense parabeniza Fetraf RJ\/ES pelos 67 anos"},"content":{"rendered":"<p>Nesta sexta-feira, 23 de maio, a\u00a0Federa\u00e7\u00e3o dos Trabalhadores do Ramo Financeiro dos Estados do Rio de Janeiro e Esp\u00edrito Santo (<strong>Fetraf RJ\/ES<\/strong>), que representa os Sindicatos dos Banc\u00e1rios de\u00a0<strong>Angra dos Reis<\/strong>\u00a0e Regi\u00e3o,\u00a0<strong>Baixada<\/strong>\u00a0<strong>Fluminense<\/strong>,\u00a0<strong>Es<wbr \/>p\u00edrito<\/strong>\u00a0<strong>Santo<\/strong>,\u00a0<strong>Itaperuna<\/strong>\u00a0e Regi\u00e3o,\u00a0<strong>Maca\u00e9<\/strong>\u00a0e Regi\u00e3o,\u00a0<strong>Nova<\/strong>\u00a0<strong>Friburgo<\/strong>\u00a0e Regi\u00e3o e\u00a0<strong>Tr\u00eas<\/strong>\u00a0<strong>Rios<\/strong>\u00a0e Regi\u00e3o, completa\u00a0<strong>67 anos<\/strong>\u00a0de hist\u00f3ria, de lutas e de conquistas para a categoria banc\u00e1ria, e em defesa da democracia.<\/p>\n<p>O Sindicato dos Banc\u00e1rios da Baixada Fluminense parabeniza a entidade\u00a0e destaca sua relev\u00e2ncia na unifica\u00e7\u00e3o nacional da categoria e na conquista e manuten\u00e7\u00e3o dos direitos das banc\u00e1rias e banc\u00e1rios.\u00a0<\/p>\n<p><strong>HIST\u00d3RIA<\/strong><\/p>\n<p>Fundada em 1958, dentro de um esfor\u00e7o coletivo de sindicalistas banc\u00e1rios de todo o pa\u00eds, para a constru\u00e7\u00e3o de uma entidade nacional, a Fetraf RJ\/ES tem uma extensa trajet\u00f3ria de lutas e conquistas, se firmando como uma refer\u00eancia nacional do movimento sindical banc\u00e1rio.<\/p>\n","protected":false},"excerpt":{"rendered":"<p>Nesta sexta-feira, 23 de maio, a\u00a0Federa\u00e7\u00e3o dos Trabalhadores do Ramo Financeiro dos Estados do Rio de Janeiro e Esp\u00edrito Santo (Fetraf RJ\/ES), que representa os Sindicatos dos Banc\u00e1rios de\u00a0Angra dos Reis\u00a0e Regi\u00e3o,\u00a0Baixada\u00a0Fluminense,\u00a0Esp\u00edrito\u00a0Santo,\u00a0Itaperuna\u00a0e Regi\u00e3o,\u00a0Maca\u00e9\u00a0e Regi\u00e3o,\u00a0Nova\u00a0Friburgo\u00a0e Regi\u00e3o e\u00a0Tr\u00eas\u00a0Rios\u00a0e Regi\u00e3o, completa\u00a067 anos\u00a0de hist\u00f3ria, de lutas e de conquistas para a categoria banc\u00e1ria, e em defesa da democracia. O [&hellip;]<\/p>\n","protected":false},"author":2,"featured_media":16416,"comment_status":"","ping_status":"","sticky":false,"template":"","format":"standard","meta":{"footnotes":""},"categories":[3],"tags":[],"class_list":["post-16417","post","type-post","status-publish","format-standard","has-post-thumbnail","hentry","category-noticias"],"_links":{"self":[{"href":"https:\/\/hostnetart.com.br\/baixada\/wp-json\/wp\/v2\/posts\/16417","targetHints":{"allow":["GET"]}}],"collection":[{"href":"https:\/\/hostnetart.com.br\/baixada\/wp-json\/wp\/v2\/posts"}],"about":[{"href":"https:\/\/hostnetart.com.br\/baixada\/wp-json\/wp\/v2\/types\/post"}],"author":[{"embeddable":true,"href":"https:\/\/hostnetart.com.br\/baixada\/wp-json\/wp\/v2\/users\/2"}],"replies":[{"embeddable":true,"href":"https:\/\/hostnetart.com.br\/baixada\/wp-json\/wp\/v2\/comments?post=16417"}],"version-history":[{"count":0,"href":"https:\/\/hostnetart.com.br\/baixada\/wp-json\/wp\/v2\/posts\/16417\/revisions"}],"wp:featuredmedia":[{"embeddable":true,"href":"https:\/\/hostnetart.com.br\/baixada\/wp-json\/wp\/v2\/media\/16416"}],"wp:attachment":[{"href":"https:\/\/hostnetart.com.br\/baixada\/wp-json\/wp\/v2\/media?parent=16417"}],"wp:term":[{"taxonomy":"category","embeddable":true,"href":"https:\/\/hostnetart.com.br\/baixada\/wp-json\/wp\/v2\/categories?post=16417"},{"taxonomy":"post_tag","embeddable":true,"href":"https:\/\/hostnetart.com.br\/baixada\/wp-json\/wp\/v2\/tags?post=16417"}],"curies":[{"name":"wp","href":"https:\/\/api.w.org\/{rel}","templated":true}]}}