{"id":16415,"date":"2025-05-23T14:00:36","date_gmt":"2025-05-23T17:00:36","guid":{"rendered":"https:\/\/hostnetart.com.br\/baixada\/pesquisa-confirma-empregados-querem-reajuste-zero-nas-mensalidades-e-melhoria-da-rede-no-saude-caixa\/"},"modified":"2025-05-23T14:00:36","modified_gmt":"2025-05-23T17:00:36","slug":"pesquisa-confirma-empregados-querem-reajuste-zero-nas-mensalidades-e-melhoria-da-rede-no-saude-caixa","status":"publish","type":"post","link":"https:\/\/hostnetart.com.br\/baixada\/pesquisa-confirma-empregados-querem-reajuste-zero-nas-mensalidades-e-melhoria-da-rede-no-saude-caixa\/","title":{"rendered":"Pesquisa confirma: empregados querem reajuste zero nas mensalidades e melhoria da rede no Sa\u00fade Caixa"},"content":{"rendered":"<p>A avali\u00e7\u00e3o negativa dos usu\u00e1rios do Sa\u00fade Caixa em rela\u00e7\u00e3o ao plano de sa\u00fade das empregadas e empregados da Caixa Econ\u00f4mica Federal cresceu em 2024. \u00c9 o que aponta os dados da Pesquisa de Satisfa\u00e7\u00e3o apresentada na reuni\u00e3o do Grupo de Trabalho (GT) do Sa\u00fade Caixa, composto por representantes do banco e dos trabalhadores, em conjunto com o Conselho de Usu\u00e1rios do plano, que ocorreu na quarta-feira (21).<\/p>\n<p>\u201cA avalia\u00e7\u00e3o negativa vem numa crescente, com destaque para a insatisfa\u00e7\u00e3o com os valores pagos nas mensalidades e com a rede credenciada\u201d, observou o diretor da Contraf-CUT, Rafael de Castro. \u201cE isso refor\u00e7a ainda mais nossa campanha pelo n\u00e3o reajuste das mensalidades pagas pelos usu\u00e1rios do plano pela melhoria da rede. E a Caixa \u00e9 a respons\u00e1vel por viabilizar estas duas reivindica\u00e7\u00f5es\u201d, completou.<\/p>\n<h2><strong>N\u00famero negativos<\/strong><\/h2>\n<p>Segundo dados apresentados pela empresa contratada pela Caixa para fazer a pesquisa, 33,8% t\u00eam avalia\u00e7\u00e3o negativa com rela\u00e7\u00e3o \u00e0 solicita\u00e7\u00e3o de reembolso. Outros 11,43% t\u00eam avalia\u00e7\u00e3o neutra em rela\u00e7\u00e3o a este ponto. Em 2023, na pesquisa anterior, as avalia\u00e7\u00f5es negativas e neutra de reembolso eram de 31,8% e 12,5%, respectivamente.<\/p>\n<p>Percentuais semelhantes foram constatados em rela\u00e7\u00e3o ao relacionamento (28,5% negativa) e \u00e0 comunica\u00e7\u00e3o (32,5%).<\/p>\n<p>Com rela\u00e7\u00e3o \u00e0 rede credenciada, 21,8% fizeram avalia\u00e7\u00e3o negativa e outros 26,6% neutra, quando a avalia\u00e7\u00e3o n\u00e3o \u00e9 negativa, mas tamb\u00e9m n\u00e3o \u00e9 positiva.<\/p>\n<p>\u201cMais de um ter\u00e7o avaliaram negativamente o processo de solicita\u00e7\u00e3o de reembolso e percentuais semelhantes foram registrados em outros pontos. Mas, o mais grave \u00e9 que 37,7% n\u00e3o conseguem ver a import\u00e2ncia do nosso plano de sa\u00fade, que \u00e9 uma das nossas principais conquistas, que sempre foi considerada como uma das \u2018joias da coroa\u2019 das empregadas e empregados\u201d, apontou o coordenador da Comiss\u00e3o Executiva dos Empregados (CEE) da Caixa, Felipe Pacheco. \u201cEssa desvaloriza\u00e7\u00e3o do nosso plano faz com que 29,6% considerem, inclusive, a possibilidade de sa\u00edda do Sa\u00fade Caixa\u201d, observou.<\/p>\n<h2><strong>Motivos apontados para a sa\u00edda<\/strong><\/h2>\n<p>Para 38,8%, o aumento do custo \u00e9 o motivo que levaria \u00e0 sa\u00edda do Sa\u00fade Caixa. Outros 15,1% afirmaram que a rede credenciada de hospitais, cl\u00ednicas e laborat\u00f3rios \u00e9 que os levariam a essa tomada de decis\u00e3o. J\u00e1 para 11,7%, os profissionais da rede seriam o motivo para deixar do plano.<\/p>\n<p>\u201cIsso comprova a import\u00e2ncia de nossas reivindica\u00e7\u00f5es para que n\u00e3o ocorra o reajuste das mensalidades, para a melhoria urgente da rede credenciada, assim como para a r\u00e1pida implementa\u00e7\u00e3o dos comit\u00eas de credenciamento e descredenciamento, que podem ajudar a resolver mais rapidamente quest\u00f5es de relacionamento e operacionais, tanto com usu\u00e1rios quanto com prestadores de servi\u00e7os\u201d, ressaltou o coordenador da CEE\/Caixa. \u201cE \u00e9 bom que fique claro, que estas constata\u00e7\u00f5es s\u00e3o de uma pesquisa feita pelo pr\u00f3prio banco\u201d, completou.<\/p>\n<h2><strong>Relat\u00f3rio administrativo 2024<\/strong><\/h2>\n<p>Sobre o\u00a0<a href=\"https:\/\/contrafcut.com.br\/data\/files\/73\/D3\/7A\/F2\/71AF6910A0213969820808A8\/Relatorio-de-Administracao-Saude-CAIXA-2024_v6.3.pdf\" target=\"_blank\" rel=\"noopener noreferrer\">Relat\u00f3rio Administrativo do Sa\u00fade Caixa<\/a>, os empregados ressaltaram a import\u00e2ncia dos dados, mas avaliam que \u00e9 preciso criar grupos de trabalho espec\u00edficos para analisar e debat\u00ea-los.<\/p>\n<p><strong>&gt;&gt;&gt;&gt;&gt;<\/strong>\u00a0<a href=\"https:\/\/contrafcut.com.br\/data\/files\/73\/D3\/7A\/F2\/71AF6910A0213969820808A8\/Relatorio-de-Administracao-Saude-CAIXA-2024_v6.3.pdf\" target=\"_blank\" rel=\"noopener noreferrer\">Leia a \u00edntegra do relat\u00f3rio<\/a><\/p>\n<p>\u201cA pr\u00f3pria Caixa identificou cerca de R$ 170 milh\u00f5es de custo com terapias e tratamentos ligados a doen\u00e7as mentais e comportamentais e um expressivo aumento dos casos de interna\u00e7\u00f5es entre 2022 e 2024\u201d, observou o coordenador do GT do Sa\u00fade Caixa, Leonardo Quadros, que \u00e9 diretor de Sa\u00fade e Previd\u00eancia da Fenae. \u201cE este \u00e9 um debate que extrapola o relat\u00f3rio em si, pois se trata do adoecimento dos empregados da Caixa, que \u00e9 uma consequ\u00eancia tamb\u00e9m da gest\u00e3o comercial e de pessoas. Estamos falando da cobran\u00e7a excessiva pelo cumprimento de metas, de metas abusivas, da falta de condi\u00e7\u00f5es de trabalho, sobrecarga, enfim, \u00e9 um problema que vai al\u00e9m do Sa\u00fade Caixa em si, mas que desemboca no plano de sa\u00fade e nos seus custos. Literalmente, os empregados pagam pela fal\u00eancia da pol\u00edtica de gest\u00e3o de pessoas na administra\u00e7\u00e3o de Carlos Vieira. E pagam cada vez mais, j\u00e1 que a atual dire\u00e7\u00e3o do banco manteve o teto para o custeio do plano na recente altera\u00e7\u00e3o estatut\u00e1ria\u201d, completou.<\/p>\n<p><strong>Fonte: Contraf-CUT<\/strong><\/p>\n","protected":false},"excerpt":{"rendered":"<p>A avali\u00e7\u00e3o negativa dos usu\u00e1rios do Sa\u00fade Caixa em rela\u00e7\u00e3o ao plano de sa\u00fade das empregadas e empregados da Caixa Econ\u00f4mica Federal cresceu em 2024. \u00c9 o que aponta os dados da Pesquisa de Satisfa\u00e7\u00e3o apresentada na reuni\u00e3o do Grupo de Trabalho (GT) do Sa\u00fade Caixa, composto por representantes do banco e dos trabalhadores, em [&hellip;]<\/p>\n","protected":false},"author":2,"featured_media":16414,"comment_status":"","ping_status":"","sticky":false,"template":"","format":"standard","meta":{"footnotes":""},"categories":[3],"tags":[],"class_list":["post-16415","post","type-post","status-publish","format-standard","has-post-thumbnail","hentry","category-noticias"],"_links":{"self":[{"href":"https:\/\/hostnetart.com.br\/baixada\/wp-json\/wp\/v2\/posts\/16415","targetHints":{"allow":["GET"]}}],"collection":[{"href":"https:\/\/hostnetart.com.br\/baixada\/wp-json\/wp\/v2\/posts"}],"about":[{"href":"https:\/\/hostnetart.com.br\/baixada\/wp-json\/wp\/v2\/types\/post"}],"author":[{"embeddable":true,"href":"https:\/\/hostnetart.com.br\/baixada\/wp-json\/wp\/v2\/users\/2"}],"replies":[{"embeddable":true,"href":"https:\/\/hostnetart.com.br\/baixada\/wp-json\/wp\/v2\/comments?post=16415"}],"version-history":[{"count":0,"href":"https:\/\/hostnetart.com.br\/baixada\/wp-json\/wp\/v2\/posts\/16415\/revisions"}],"wp:featuredmedia":[{"embeddable":true,"href":"https:\/\/hostnetart.com.br\/baixada\/wp-json\/wp\/v2\/media\/16414"}],"wp:attachment":[{"href":"https:\/\/hostnetart.com.br\/baixada\/wp-json\/wp\/v2\/media?parent=16415"}],"wp:term":[{"taxonomy":"category","embeddable":true,"href":"https:\/\/hostnetart.com.br\/baixada\/wp-json\/wp\/v2\/categories?post=16415"},{"taxonomy":"post_tag","embeddable":true,"href":"https:\/\/hostnetart.com.br\/baixada\/wp-json\/wp\/v2\/tags?post=16415"}],"curies":[{"name":"wp","href":"https:\/\/api.w.org\/{rel}","templated":true}]}}