{"id":16413,"date":"2025-05-23T13:45:29","date_gmt":"2025-05-23T16:45:29","guid":{"rendered":"https:\/\/hostnetart.com.br\/baixada\/emprego-bancario-segue-em-queda-no-primeiro-trimestre-de-2025-aponta-novo-caged\/"},"modified":"2025-05-23T13:45:29","modified_gmt":"2025-05-23T16:45:29","slug":"emprego-bancario-segue-em-queda-no-primeiro-trimestre-de-2025-aponta-novo-caged","status":"publish","type":"post","link":"https:\/\/hostnetart.com.br\/baixada\/emprego-bancario-segue-em-queda-no-primeiro-trimestre-de-2025-aponta-novo-caged\/","title":{"rendered":"Emprego banc\u00e1rio segue em queda no primeiro trimestre de 2025, aponta Novo Caged"},"content":{"rendered":"<p>O mercado de trabalho formal brasileiro apresentou, no primeiro trimestre de 2025, um saldo positivo de 654.503 novos postos de trabalho com carteira assinada, segundo dados do Novo Caged, do Minist\u00e9rio do Trabalho e Emprego. Apesar do crescimento, o resultado \u00e9 9,8% inferior ao registrado no mesmo per\u00edodo de 2024, demonstrando uma desacelera\u00e7\u00e3o no ritmo de gera\u00e7\u00e3o de empregos. Os setores de Servi\u00e7os, Constru\u00e7\u00e3o, Ind\u00fastria e Agropecu\u00e1ria puxaram o saldo positivo, enquanto o Com\u00e9rcio foi o \u00fanico com fechamento de vagas (-13.659).<\/p>\n<p>Em mar\u00e7o, foram abertas 71.576 vagas formais, com 2.234.662 admiss\u00f5es contra 2.163.086 desligamentos. J\u00e1 no conjunto do mercado de trabalho, que inclui empregos formais e informais, a taxa de desocupa\u00e7\u00e3o foi de 7,0% no trimestre encerrado em mar\u00e7o \u2014 um total de 7,7 milh\u00f5es de pessoas desempregadas. A subutiliza\u00e7\u00e3o da for\u00e7a de trabalho alcan\u00e7ou 17,9%, atingindo 18,5 milh\u00f5es de pessoas, e o n\u00famero de desalentados chegou a 3,2 milh\u00f5es.<\/p>\n<p>Setor financeiro mant\u00e9m crescimento modesto, mas bancos seguem cortando vagas<\/p>\n<p>No ramo financeiro, com exce\u00e7\u00e3o dos bancos e holdings n\u00e3o-financeiras, o saldo foi positivo: 780 novas vagas em mar\u00e7o, 3.137 no trimestre e 12,4 mil nos \u00faltimos 12 meses \u2014 uma m\u00e9dia de mil postos por m\u00eas. As atividades que mais contribu\u00edram foram o cr\u00e9dito cooperativo, os servi\u00e7os auxiliares e os ligados a seguros, com mais de 10,5 mil novas vagas no per\u00edodo.<\/p>\n<p>Contudo, \u00e9 importante destacar que n\u00e3o h\u00e1 uma classifica\u00e7\u00e3o espec\u00edfica que identifique as fintechs e institui\u00e7\u00f5es de pagamento nos registros do Caged, o que dificulta uma an\u00e1lise mais precisa da evolu\u00e7\u00e3o desses segmentos.<\/p>\n<h2>Bancos seguem na contram\u00e3o e aprofundam fechamento de postos de trabalho<\/h2>\n<p>O setor banc\u00e1rio formal segue reduzindo postos de trabalho. No primeiro trimestre de 2025, foram eliminadas 1.197 vagas \u2014 n\u00famero 67,8% superior ao registrado no mesmo per\u00edodo de 2024. Em 12 meses, o corte foi ainda mais expressivo: 7.473 postos a menos. S\u00f3 em mar\u00e7o, 1.111 vagas banc\u00e1rias foram extintas.<\/p>\n<p>Para Walcir Previtalle, secret\u00e1rio de Assuntos Socioecon\u00f4micos da Confedera\u00e7\u00e3o Nacional dos Trabalhadores do Ramo Financeiro (Contraf-CUT), os n\u00fameros s\u00e3o alarmantes e evidenciam a falta de compromisso do setor banc\u00e1rio com o desenvolvimento social do pa\u00eds.<\/p>\n<p>\u201cMais uma vez os bancos, um setor que apresenta lucros bilion\u00e1rios, trava o crescimento econ\u00f4mico e social do nosso pa\u00eds. N\u00e3o existe nenhum compromisso social do sistema financeiro. Nada!\u201d, critica.<\/p>\n<p>O pior desempenho foi dos Bancos M\u00faltiplos com Carteira Comercial, com a elimina\u00e7\u00e3o de 5.408 vagas em 12 meses. A Caixa Econ\u00f4mica Federal (CEF) foi respons\u00e1vel por -2.901 postos no per\u00edodo, resultado diretamente ligado aos Planos de Desligamento Volunt\u00e1rio (PDVs) promovidos pela empresa.<\/p>\n<h2>Redu\u00e7\u00e3o se concentra nas \u00e1reas fim; TI \u00e9 \u00fanica com crescimento<\/h2>\n<p>A an\u00e1lise por \u00e1rea ocupacional revela que o maior impacto ocorreu nas atividades diretamente relacionadas \u00e0 fun\u00e7\u00e3o banc\u00e1ria, com retra\u00e7\u00e3o de 9.105 postos em um ano, atingindo principalmente caixas, escritur\u00e1rios e gerentes. As \u00e1reas administrativa e de atendimento ao p\u00fablico tamb\u00e9m apresentaram saldos negativos, ainda que em menor escala.<\/p>\n<p>Na contram\u00e3o desse cen\u00e1rio, a \u00e1rea de Tecnologia da Informa\u00e7\u00e3o foi a \u00fanica com crescimento significativo: foram criadas 1.842 vagas em 12 meses. O dado evidencia a reconfigura\u00e7\u00e3o do setor, com corte de fun\u00e7\u00f5es tradicionais e amplia\u00e7\u00e3o de postos ligados \u00e0 tecnologia.<\/p>\n<p>Walcir Previtalle ressalta que a pol\u00edtica de fechamento de ag\u00eancias f\u00edsicas e digitaliza\u00e7\u00e3o for\u00e7ada do atendimento est\u00e1 por tr\u00e1s da redu\u00e7\u00e3o de vagas. \u201cA pol\u00edtica de fechamento de ag\u00eancias, eliminando o atendimento f\u00edsico aos clientes e obrigando-os \u00e0 utiliza\u00e7\u00e3o exclusiva de canais digitais, tem sido motivo da extin\u00e7\u00e3o de milhares de postos de trabalho, como aponta o Novo Caged\u201d, afirma.<\/p>\n<p>Al\u00e9m disso, o dirigente alerta para pr\u00e1ticas que fragilizam ainda mais a categoria banc\u00e1ria. \u201cA cl\u00e1ssica profiss\u00e3o de banc\u00e1rio segue amea\u00e7ada pelo setor patronal que, al\u00e9m do fechamento de ag\u00eancias f\u00edsicas e a extin\u00e7\u00e3o de postos de trabalho, tamb\u00e9m utiliza-se da terceiriza\u00e7\u00e3o como forma de fraudar nossas conquistas sociais hist\u00f3ricas, contidas em nossa Conven\u00e7\u00e3o Coletiva de Trabalho, a CCT\u201d, denuncia Previtalle.<\/p>\n<h2>Falta de jovens contratados e alta rotatividade preocupam<\/h2>\n<p>Outro dado alarmante diz respeito \u00e0 aus\u00eancia de contrata\u00e7\u00f5es por primeiro emprego no setor banc\u00e1rio nos \u00faltimos 12 meses, o que pode indicar a n\u00e3o efetiva\u00e7\u00e3o de jovens aprendizes e estagi\u00e1rios ou falhas no registro pelos bancos. Das admiss\u00f5es realizadas no per\u00edodo, 96% foram por reemprego e apenas 4% correspondem \u00e0 reintegra\u00e7\u00e3o de trabalhadores.<\/p>\n<p>No mesmo intervalo, 50,8% dos desligamentos foram sem justa causa, 42,1% a pedido e 3,6% com justa causa. N\u00e3o houve registros de desligamentos por aposentadoria.<\/p>\n<h2>Desigualdade de g\u00eanero se acentua<\/h2>\n<p>Os dados do Novo Caged tamb\u00e9m revelam uma preocupante desigualdade de g\u00eanero no setor. Das 1.197 vagas fechadas no primeiro trimestre de 2025, 66,5% correspondiam a mulheres. Houve 17% menos admiss\u00f5es e 98% mais desligamentos de mulheres em rela\u00e7\u00e3o aos homens. Esse cen\u00e1rio est\u00e1 diretamente relacionado ao crescimento das \u00e1reas de tecnologia, tradicionalmente ocupadas por homens.<\/p>\n<h2>Sudeste lidera corte de vagas; s\u00f3 duas unidades da federa\u00e7\u00e3o registram saldo positivo<\/h2>\n<p>Regionalmente, todas as regi\u00f5es do pa\u00eds perderam empregos banc\u00e1rios nos \u00faltimos 12 meses. O Sudeste lidera o saldo negativo com -3.794 vagas, seguido pelo Sul (-2.434), Nordeste (-844), Norte (-302) e Centro-Oeste (-99).<\/p>\n<p>Apenas duas unidades da federa\u00e7\u00e3o tiveram saldo positivo: o Distrito Federal, com 381 novas vagas, e o Maranh\u00e3o, com 25. Os estados mais afetados foram o Rio de Janeiro (-1.363), S\u00e3o Paulo (-1.058) e Minas Gerais (-1.049).<\/p>\n<p><strong>Fonte: Contraf-CUT<\/strong><\/p>\n","protected":false},"excerpt":{"rendered":"<p>O mercado de trabalho formal brasileiro apresentou, no primeiro trimestre de 2025, um saldo positivo de 654.503 novos postos de trabalho com carteira assinada, segundo dados do Novo Caged, do Minist\u00e9rio do Trabalho e Emprego. Apesar do crescimento, o resultado \u00e9 9,8% inferior ao registrado no mesmo per\u00edodo de 2024, demonstrando uma desacelera\u00e7\u00e3o no ritmo [&hellip;]<\/p>\n","protected":false},"author":2,"featured_media":16412,"comment_status":"","ping_status":"","sticky":false,"template":"","format":"standard","meta":{"footnotes":""},"categories":[3],"tags":[],"class_list":["post-16413","post","type-post","status-publish","format-standard","has-post-thumbnail","hentry","category-noticias"],"_links":{"self":[{"href":"https:\/\/hostnetart.com.br\/baixada\/wp-json\/wp\/v2\/posts\/16413","targetHints":{"allow":["GET"]}}],"collection":[{"href":"https:\/\/hostnetart.com.br\/baixada\/wp-json\/wp\/v2\/posts"}],"about":[{"href":"https:\/\/hostnetart.com.br\/baixada\/wp-json\/wp\/v2\/types\/post"}],"author":[{"embeddable":true,"href":"https:\/\/hostnetart.com.br\/baixada\/wp-json\/wp\/v2\/users\/2"}],"replies":[{"embeddable":true,"href":"https:\/\/hostnetart.com.br\/baixada\/wp-json\/wp\/v2\/comments?post=16413"}],"version-history":[{"count":0,"href":"https:\/\/hostnetart.com.br\/baixada\/wp-json\/wp\/v2\/posts\/16413\/revisions"}],"wp:featuredmedia":[{"embeddable":true,"href":"https:\/\/hostnetart.com.br\/baixada\/wp-json\/wp\/v2\/media\/16412"}],"wp:attachment":[{"href":"https:\/\/hostnetart.com.br\/baixada\/wp-json\/wp\/v2\/media?parent=16413"}],"wp:term":[{"taxonomy":"category","embeddable":true,"href":"https:\/\/hostnetart.com.br\/baixada\/wp-json\/wp\/v2\/categories?post=16413"},{"taxonomy":"post_tag","embeddable":true,"href":"https:\/\/hostnetart.com.br\/baixada\/wp-json\/wp\/v2\/tags?post=16413"}],"curies":[{"name":"wp","href":"https:\/\/api.w.org\/{rel}","templated":true}]}}