{"id":16411,"date":"2025-05-22T11:59:10","date_gmt":"2025-05-22T14:59:10","guid":{"rendered":"https:\/\/hostnetart.com.br\/baixada\/santander-antecipa-1-parcela-do-13-apenas-na-folha-de-maio\/"},"modified":"2025-05-22T11:59:10","modified_gmt":"2025-05-22T14:59:10","slug":"santander-antecipa-1-parcela-do-13-apenas-na-folha-de-maio","status":"publish","type":"post","link":"https:\/\/hostnetart.com.br\/baixada\/santander-antecipa-1-parcela-do-13-apenas-na-folha-de-maio\/","title":{"rendered":"Santander antecipa 1\u00aa parcela do 13\u00ba apenas na folha de maio"},"content":{"rendered":"<\/p>\n<p>O banco Santander informou nesta ter\u00e7a-feira (21) que vai antecipar o pagamento da primeira parcela do 13\u00ba sal\u00e1rio exclusivamente para os trabalhadores admitidos em dezembro de 2024. O valor ser\u00e1 creditado junto com a folha de pagamento de maio de 2025.<\/p>\n<p>Segundo o comunicado enviado pelo banco, os encargos tribut\u00e1rios sobre essa parcela antecipada ser\u00e3o aplicados somente na segunda parcela do 13\u00ba, prevista para ser paga na folha de dezembro.<\/p>\n<p><strong>Fonte: Contraf-CUT<\/strong><\/p>\n","protected":false},"excerpt":{"rendered":"<p>O banco Santander informou nesta ter\u00e7a-feira (21) que vai antecipar o pagamento da primeira parcela do 13\u00ba sal\u00e1rio exclusivamente para os trabalhadores admitidos em dezembro de 2024. O valor ser\u00e1 creditado junto com a folha de pagamento de maio de 2025. Segundo o comunicado enviado pelo banco, os encargos tribut\u00e1rios sobre essa parcela antecipada ser\u00e3o [&hellip;]<\/p>\n","protected":false},"author":2,"featured_media":16410,"comment_status":"","ping_status":"","sticky":false,"template":"","format":"standard","meta":{"footnotes":""},"categories":[3],"tags":[],"class_list":["post-16411","post","type-post","status-publish","format-standard","has-post-thumbnail","hentry","category-noticias"],"_links":{"self":[{"href":"https:\/\/hostnetart.com.br\/baixada\/wp-json\/wp\/v2\/posts\/16411","targetHints":{"allow":["GET"]}}],"collection":[{"href":"https:\/\/hostnetart.com.br\/baixada\/wp-json\/wp\/v2\/posts"}],"about":[{"href":"https:\/\/hostnetart.com.br\/baixada\/wp-json\/wp\/v2\/types\/post"}],"author":[{"embeddable":true,"href":"https:\/\/hostnetart.com.br\/baixada\/wp-json\/wp\/v2\/users\/2"}],"replies":[{"embeddable":true,"href":"https:\/\/hostnetart.com.br\/baixada\/wp-json\/wp\/v2\/comments?post=16411"}],"version-history":[{"count":0,"href":"https:\/\/hostnetart.com.br\/baixada\/wp-json\/wp\/v2\/posts\/16411\/revisions"}],"wp:featuredmedia":[{"embeddable":true,"href":"https:\/\/hostnetart.com.br\/baixada\/wp-json\/wp\/v2\/media\/16410"}],"wp:attachment":[{"href":"https:\/\/hostnetart.com.br\/baixada\/wp-json\/wp\/v2\/media?parent=16411"}],"wp:term":[{"taxonomy":"category","embeddable":true,"href":"https:\/\/hostnetart.com.br\/baixada\/wp-json\/wp\/v2\/categories?post=16411"},{"taxonomy":"post_tag","embeddable":true,"href":"https:\/\/hostnetart.com.br\/baixada\/wp-json\/wp\/v2\/tags?post=16411"}],"curies":[{"name":"wp","href":"https:\/\/api.w.org\/{rel}","templated":true}]}}