{"id":16407,"date":"2025-05-21T17:39:47","date_gmt":"2025-05-21T20:39:47","guid":{"rendered":"https:\/\/hostnetart.com.br\/baixada\/coletivo-nacional-de-saude-debate-mudancas-na-nr-1-e-junta-medica\/"},"modified":"2025-05-21T17:39:47","modified_gmt":"2025-05-21T20:39:47","slug":"coletivo-nacional-de-saude-debate-mudancas-na-nr-1-e-junta-medica","status":"publish","type":"post","link":"https:\/\/hostnetart.com.br\/baixada\/coletivo-nacional-de-saude-debate-mudancas-na-nr-1-e-junta-medica\/","title":{"rendered":"Coletivo Nacional de Sa\u00fade debate mudan\u00e7as na NR-1 e junta m\u00e9dica"},"content":{"rendered":"<p>O Coletivo Nacional de Sa\u00fade da Confedera\u00e7\u00e3o Nacional dos Trabalhadores e Trabalhadoras do Ramo Financeiro (Contraf-CUT) se reuniu na ter\u00e7a-feira (20), em Curitiba. O encontro foi realizado logo ap\u00f3s a audi\u00eancia p\u00fablica \u201cMedo, press\u00e3o e ass\u00e9dio: A sa\u00fade mental de banc\u00e1rios e financi\u00e1rios\u201d, promovida pela Frente Parlamentar de Sa\u00fade Mental da Assembleia Legislativa do Paran\u00e1 (Alep), em parceria com o Sindicato dos Banc\u00e1rios e Financi\u00e1rios de Curitiba e regi\u00e3o.<\/p>\n<p>\u201cA audi\u00eancia p\u00fablica proposta pelos banc\u00e1rios de Curitiba e encaminhada pela deputada estadual Ana J\u00falia foi um excelente momento para dar visibilidade aos problemas enfrentados pela categoria em rela\u00e7\u00e3o ao adoecimento, especialmente, por problemas ps\u00edquicos. Audi\u00eancia muito representativa que lotou o audit\u00f3rio e prop\u00f4s excelentes encaminhamentos\u201d, avalia o secret\u00e1rio de Sa\u00fade da Contraf-CUT, Mauro Salles.<\/p>\n<p>\u201cDiante da trag\u00e9dia que estamos vivenciando com o adoecimento da categoria, iniciativas como essa d\u00e3o visibilidade ao problema, estabelecem di\u00e1logo com a sociedade e abrem portas para outras a\u00e7\u00f5es importantes\u201d, acrescentou o dirigente, ao lembrar que a realiza\u00e7\u00e3o de audi\u00eancias p\u00fablicas nos diversos estados faz parte do planejamento do Coletivo Nacional.<\/p>\n<p>A reuni\u00e3o avaliou ainda os desdobramentos da Mesa de Sa\u00fade entre o Comando Nacional dos Banc\u00e1rios e a Federa\u00e7\u00e3o Nacional dos Bancos (Fenaban), realizada no dia 25 de abril. As cl\u00e1usulas 29 e 65 da Conven\u00e7\u00e3o Coletiva de Trabalho (CCT) tamb\u00e9m integraram a pauta, com relatos dos principais problemas enfrentados nos diversos estados, sobretudo com rela\u00e7\u00e3o \u00e0 junta m\u00e9dica.<\/p>\n<p>Ap\u00f3s os debates, ficou definido que o Coletivo Nacional de Sa\u00fade far\u00e1 um of\u00edcio, solicitando a Fenaban a suspens\u00e3o do fluxo que envolve a junta m\u00e9dica, j\u00e1 que est\u00e3o acontecendo in\u00fameros equ\u00edvocos em todo o Pa\u00eds. \u201c\u00c9 evidente que a junta m\u00e9dica, prevista na cl\u00e1usula 29 de CCT, n\u00e3o pode caracterizar um processo de persegui\u00e7\u00e3o aos afastados. Por isso, precisamos de orienta\u00e7\u00e3o e, assim, dar clareza ao processo\u201d, explicou Mauro Salles.<\/p>\n<p>Al\u00e9m disso, o Coletivo Nacional tamb\u00e9m apontou a necessidade de realizar forma\u00e7\u00e3o sobre as mudan\u00e7as na NR-1, para orientar todos os Sindicatos e criar diretrizes para fazer o debate com a categoria. Uma proposta de cartilha, com orienta\u00e7\u00f5es sobre o fluxo necess\u00e1rios nos casos de afastamentos, tamb\u00e9m ser\u00e1 elaborada para apresentar aos bancos.<\/p>\n<p>\u201cNossa reuni\u00e3o debateu temas importantes, como a NR-1 e a quest\u00e3o da junta m\u00e9dica, que est\u00e1 sendo implantada pelo Ita\u00fa, al\u00e9m de temas que afetam diretamente os banc\u00e1rios, como a discrimina\u00e7\u00e3o, perda da carteira e demiss\u00e3o daqueles que retornam da licen\u00e7a sa\u00fade e as dificuldades e preju\u00edzos que estamos enfrentando com as per\u00edcias do INSS\u201d, avalia a secret\u00e1ria de Sa\u00fade do Sindicato de Curitiba, Ana Fideli.<\/p>\n<p>\u201cEstas atividades mostram a for\u00e7a da a\u00e7\u00e3o coletiva do movimento sindical banc\u00e1rio e sua representatividade social. Acima de tudo, cobramos que os bancos cumpram a normas de sa\u00fade, desenvolvam efetivas pol\u00edticas de preven\u00e7\u00e3o e parem de perseguir os colegas adoecidos\u201d, conclui Mauro Salles.<\/p>\n<p><strong>Fonte: Seeb Curitiba e Contraf-CUT<\/strong><\/p>\n","protected":false},"excerpt":{"rendered":"<p>O Coletivo Nacional de Sa\u00fade da Confedera\u00e7\u00e3o Nacional dos Trabalhadores e Trabalhadoras do Ramo Financeiro (Contraf-CUT) se reuniu na ter\u00e7a-feira (20), em Curitiba. O encontro foi realizado logo ap\u00f3s a audi\u00eancia p\u00fablica \u201cMedo, press\u00e3o e ass\u00e9dio: A sa\u00fade mental de banc\u00e1rios e financi\u00e1rios\u201d, promovida pela Frente Parlamentar de Sa\u00fade Mental da Assembleia Legislativa do Paran\u00e1 [&hellip;]<\/p>\n","protected":false},"author":2,"featured_media":16406,"comment_status":"","ping_status":"","sticky":false,"template":"","format":"standard","meta":{"footnotes":""},"categories":[3],"tags":[],"class_list":["post-16407","post","type-post","status-publish","format-standard","has-post-thumbnail","hentry","category-noticias"],"_links":{"self":[{"href":"https:\/\/hostnetart.com.br\/baixada\/wp-json\/wp\/v2\/posts\/16407","targetHints":{"allow":["GET"]}}],"collection":[{"href":"https:\/\/hostnetart.com.br\/baixada\/wp-json\/wp\/v2\/posts"}],"about":[{"href":"https:\/\/hostnetart.com.br\/baixada\/wp-json\/wp\/v2\/types\/post"}],"author":[{"embeddable":true,"href":"https:\/\/hostnetart.com.br\/baixada\/wp-json\/wp\/v2\/users\/2"}],"replies":[{"embeddable":true,"href":"https:\/\/hostnetart.com.br\/baixada\/wp-json\/wp\/v2\/comments?post=16407"}],"version-history":[{"count":0,"href":"https:\/\/hostnetart.com.br\/baixada\/wp-json\/wp\/v2\/posts\/16407\/revisions"}],"wp:featuredmedia":[{"embeddable":true,"href":"https:\/\/hostnetart.com.br\/baixada\/wp-json\/wp\/v2\/media\/16406"}],"wp:attachment":[{"href":"https:\/\/hostnetart.com.br\/baixada\/wp-json\/wp\/v2\/media?parent=16407"}],"wp:term":[{"taxonomy":"category","embeddable":true,"href":"https:\/\/hostnetart.com.br\/baixada\/wp-json\/wp\/v2\/categories?post=16407"},{"taxonomy":"post_tag","embeddable":true,"href":"https:\/\/hostnetart.com.br\/baixada\/wp-json\/wp\/v2\/tags?post=16407"}],"curies":[{"name":"wp","href":"https:\/\/api.w.org\/{rel}","templated":true}]}}