{"id":16397,"date":"2025-05-16T12:36:25","date_gmt":"2025-05-16T15:36:25","guid":{"rendered":"https:\/\/hostnetart.com.br\/baixada\/representantes-dos-funcionarios-debatem-com-banco-do-brasil-situacao-das-horas-negativas-da-pandemia\/"},"modified":"2025-05-16T12:36:25","modified_gmt":"2025-05-16T15:36:25","slug":"representantes-dos-funcionarios-debatem-com-banco-do-brasil-situacao-das-horas-negativas-da-pandemia","status":"publish","type":"post","link":"https:\/\/hostnetart.com.br\/baixada\/representantes-dos-funcionarios-debatem-com-banco-do-brasil-situacao-das-horas-negativas-da-pandemia\/","title":{"rendered":"Representantes dos funcion\u00e1rios debatem com Banco do Brasil situa\u00e7\u00e3o das horas negativas da pandemia"},"content":{"rendered":"<\/p>\n<p>A Comiss\u00e3o de Empresa das Funcion\u00e1rias e dos Funcion\u00e1rios do Banco do Brasil (CEBB) se reuniu com a dire\u00e7\u00e3o do banco nesta quinta-feira (16), em formato online, para discutir a situa\u00e7\u00e3o das horas negativas acumuladas durante a pandemia de covid-19. O acordo firmado entre as partes para a compensa\u00e7\u00e3o dessas horas vence no pr\u00f3ximo dia 31 de maio. A partir dessa data, as funcion\u00e1rias e os funcion\u00e1rios que n\u00e3o conseguiram realizar toda a compensa\u00e7\u00e3o ter\u00e3o que pagar as horas pendentes.<\/p>\n<p>Durante a reuni\u00e3o, os representantes das funcion\u00e1rias e dos funcion\u00e1rios apresentaram ao banco relatos de trabalhadoras e trabalhadores que enfrentam dificuldades para quitar o saldo de horas negativas, especialmente quem tem filhos menores ou cuida de pessoas idosas ou adoecidas. A situa\u00e7\u00e3o das m\u00e3es solo foi destacada como uma das mais cr\u00edticas. Para essas trabalhadoras, a exig\u00eancia de jornada adicional para compensar as horas significaria abrir m\u00e3o do tempo dedicado aos cuidados com a fam\u00edlia \u2014 e o pagamento direto das horas comprometeria ainda mais a renda familiar.<\/p>\n<p>\u201c\u00c9 preciso sensibilidade para lidar com esse tema. O banco precisa considerar os impactos que esses descontos ter\u00e3o na vida de milhares de pessoas, principalmente m\u00e3es solo e trabalhadores com responsabilidades de cuidado. N\u00e3o \u00e9 justo que, ap\u00f3s tudo o que enfrentamos na pandemia, essas fam\u00edlias sejam penalizadas financeiramente por n\u00e3o conseguirem cumprir integralmente a compensa\u00e7\u00e3o\u201d, afirmou Fernanda Lopes, coordenadora da CEBB.<\/p>\n<p>A representa\u00e7\u00e3o sindical sugeriu ainda que o banco crie uma linha espec\u00edfica de cr\u00e9dito para funcion\u00e1rias e funcion\u00e1rios que eventualmente precisem arcar com o pagamento das horas negativas.<\/p>\n<p>Segundo dados apresentados, no in\u00edcio da vig\u00eancia do acordo, mais de 25 mil funcion\u00e1rias e funcion\u00e1rios acumulavam horas negativas. Atualmente, esse n\u00famero caiu para menos de 10% do total inicial, o que evidencia o esfor\u00e7o coletivo para cumprir a compensa\u00e7\u00e3o acordada.<\/p>\n<p>Outro ponto debatido foi a situa\u00e7\u00e3o de funcion\u00e1rias e funcion\u00e1rios pertencentes a grupamentos com regras espec\u00edficas no acordo anterior, como pessoas com defici\u00eancia, pais e m\u00e3es de pessoas com defici\u00eancia, e pessoas que integravam o grupo de risco da covid-19. Esses trabalhadores tinham o compromisso de compensar apenas 30% do total das horas devidas \u2014 e os 70% restantes seriam anistiados caso a meta fosse atingida. Os representantes dos trabalhadores alertaram, por\u00e9m, que h\u00e1 casos em que o banco pretende descontar a totalidade das horas, mesmo de quem n\u00e3o conseguiu atingir os 30% m\u00ednimos. A orienta\u00e7\u00e3o \u00e9 que, nesses casos, os descontos sejam proporcionais apenas ao que foi efetivamente compensado, preservando o crit\u00e9rio do acordo anterior.<\/p>\n<p>Al\u00e9m disso, os representantes das funcion\u00e1rias e dos funcion\u00e1rios solicitaram que o banco limite a dedu\u00e7\u00e3o em folha a, no m\u00e1ximo, 30% da renda mensal das pessoas afetadas, para evitar impactos financeiros mais severos.<\/p>\n<p>A representa\u00e7\u00e3o sindical aguarda o retorno do banco sobre as propostas apresentadas e refor\u00e7a que a busca por uma solu\u00e7\u00e3o justa e equilibrada para todas e todos \u00e9 prioridade neste momento.<\/p>\n<p><strong>Fonte: Contraf-CUT<\/strong><\/p>\n","protected":false},"excerpt":{"rendered":"<p>A Comiss\u00e3o de Empresa das Funcion\u00e1rias e dos Funcion\u00e1rios do Banco do Brasil (CEBB) se reuniu com a dire\u00e7\u00e3o do banco nesta quinta-feira (16), em formato online, para discutir a situa\u00e7\u00e3o das horas negativas acumuladas durante a pandemia de covid-19. O acordo firmado entre as partes para a compensa\u00e7\u00e3o dessas horas vence no pr\u00f3ximo dia [&hellip;]<\/p>\n","protected":false},"author":2,"featured_media":16396,"comment_status":"","ping_status":"","sticky":false,"template":"","format":"standard","meta":{"footnotes":""},"categories":[3],"tags":[],"class_list":["post-16397","post","type-post","status-publish","format-standard","has-post-thumbnail","hentry","category-noticias"],"_links":{"self":[{"href":"https:\/\/hostnetart.com.br\/baixada\/wp-json\/wp\/v2\/posts\/16397","targetHints":{"allow":["GET"]}}],"collection":[{"href":"https:\/\/hostnetart.com.br\/baixada\/wp-json\/wp\/v2\/posts"}],"about":[{"href":"https:\/\/hostnetart.com.br\/baixada\/wp-json\/wp\/v2\/types\/post"}],"author":[{"embeddable":true,"href":"https:\/\/hostnetart.com.br\/baixada\/wp-json\/wp\/v2\/users\/2"}],"replies":[{"embeddable":true,"href":"https:\/\/hostnetart.com.br\/baixada\/wp-json\/wp\/v2\/comments?post=16397"}],"version-history":[{"count":0,"href":"https:\/\/hostnetart.com.br\/baixada\/wp-json\/wp\/v2\/posts\/16397\/revisions"}],"wp:featuredmedia":[{"embeddable":true,"href":"https:\/\/hostnetart.com.br\/baixada\/wp-json\/wp\/v2\/media\/16396"}],"wp:attachment":[{"href":"https:\/\/hostnetart.com.br\/baixada\/wp-json\/wp\/v2\/media?parent=16397"}],"wp:term":[{"taxonomy":"category","embeddable":true,"href":"https:\/\/hostnetart.com.br\/baixada\/wp-json\/wp\/v2\/categories?post=16397"},{"taxonomy":"post_tag","embeddable":true,"href":"https:\/\/hostnetart.com.br\/baixada\/wp-json\/wp\/v2\/tags?post=16397"}],"curies":[{"name":"wp","href":"https:\/\/api.w.org\/{rel}","templated":true}]}}