{"id":16395,"date":"2025-05-15T17:10:08","date_gmt":"2025-05-15T20:10:08","guid":{"rendered":"https:\/\/hostnetart.com.br\/baixada\/assembleia-para-avaliar-acordo-coletivo-de-trabalho-para-pagamento-da-plr-do-itau-ocorre-21-5\/"},"modified":"2025-05-15T17:10:08","modified_gmt":"2025-05-15T20:10:08","slug":"assembleia-para-avaliar-acordo-coletivo-de-trabalho-para-pagamento-da-plr-do-itau-ocorre-21-5","status":"publish","type":"post","link":"https:\/\/hostnetart.com.br\/baixada\/assembleia-para-avaliar-acordo-coletivo-de-trabalho-para-pagamento-da-plr-do-itau-ocorre-21-5\/","title":{"rendered":"Assembleia para avaliar Acordo Coletivo de Trabalho para pagamento da PLR do Ita\u00fa ocorre 21\/5"},"content":{"rendered":"<p>No dia <strong>21<\/strong><b>\u00a0de maio\u00a0<\/b>de 2025, das 8 horas \u00e0s 20 horas, banc\u00e1rias e banc\u00e1rios do Banco\u00a0<b>Ita\u00fa<\/b>, da base do Sindicato dos Banc\u00e1rios da Baixada Fluminense, participam de\u00a0<b>assembleia<\/b>\u00a0remota, para deliberar sobre a aprova\u00e7\u00e3o do <strong>Acordo Coletivo de Trabalho para pagamento da Participa\u00e7\u00e3o nos Lucros e\/ou Resultados<\/strong> referentes aos exerc\u00edcios de <strong>2025 e 2026<\/strong> disciplinado pela Lei n\u00ba 10.101 e altera\u00e7\u00f5es das Leis 12.832\/13 e 14.020\/20.<\/p>\n<p><strong>Podem participar banc\u00e1rios, s\u00f3cios e n\u00e3o s\u00f3cios<\/strong>, da base territorial do Sindicato, que prestam servi\u00e7o para o Banco Ita\u00fa Unibanco S\/A; Ita\u00fa Unibanco Holding S\/A; Banco Ita\u00fa Consignado S\/A;.<\/p>\n<p><u>PARA VOTAR<\/u><\/p>\n<p>Para votar e participar, basta acessar o link de vota\u00e7\u00e3o:\u00a0<a href=\"https:\/\/bancarios.votabem.com.br\/\">https:\/\/bancarios.votabem.com.br\/<\/a><\/p>\n<p>O link estar\u00e1, tamb\u00e9m, dispon\u00edvel em nosso site (<a href=\"http:\/\/www.bancariosbaixada.org.br\/\">http:\/\/www.bancariosbaixada.org.br<\/a>)<\/p>\n<p><u>IMPORTANTE<\/u><\/p>\n<p>O Sindicato dos Banc\u00e1rios da Baixada Fluminense, seguindo orienta\u00e7\u00f5es da Confedera\u00e7\u00e3o Nacional dos Trabalhadores do Ramo Financeiro (Contraf-CUT), indica a aprova\u00e7\u00e3o da delibera\u00e7\u00e3o proposta.<\/p>\n<p>\u00a0<\/p>\n<p>\u00a0<\/p>\n","protected":false},"excerpt":{"rendered":"<p>No dia 21\u00a0de maio\u00a0de 2025, das 8 horas \u00e0s 20 horas, banc\u00e1rias e banc\u00e1rios do Banco\u00a0Ita\u00fa, da base do Sindicato dos Banc\u00e1rios da Baixada Fluminense, participam de\u00a0assembleia\u00a0remota, para deliberar sobre a aprova\u00e7\u00e3o do Acordo Coletivo de Trabalho para pagamento da Participa\u00e7\u00e3o nos Lucros e\/ou Resultados referentes aos exerc\u00edcios de 2025 e 2026 disciplinado pela Lei [&hellip;]<\/p>\n","protected":false},"author":2,"featured_media":16394,"comment_status":"","ping_status":"","sticky":false,"template":"","format":"standard","meta":{"footnotes":""},"categories":[3],"tags":[],"class_list":["post-16395","post","type-post","status-publish","format-standard","has-post-thumbnail","hentry","category-noticias"],"_links":{"self":[{"href":"https:\/\/hostnetart.com.br\/baixada\/wp-json\/wp\/v2\/posts\/16395","targetHints":{"allow":["GET"]}}],"collection":[{"href":"https:\/\/hostnetart.com.br\/baixada\/wp-json\/wp\/v2\/posts"}],"about":[{"href":"https:\/\/hostnetart.com.br\/baixada\/wp-json\/wp\/v2\/types\/post"}],"author":[{"embeddable":true,"href":"https:\/\/hostnetart.com.br\/baixada\/wp-json\/wp\/v2\/users\/2"}],"replies":[{"embeddable":true,"href":"https:\/\/hostnetart.com.br\/baixada\/wp-json\/wp\/v2\/comments?post=16395"}],"version-history":[{"count":0,"href":"https:\/\/hostnetart.com.br\/baixada\/wp-json\/wp\/v2\/posts\/16395\/revisions"}],"wp:featuredmedia":[{"embeddable":true,"href":"https:\/\/hostnetart.com.br\/baixada\/wp-json\/wp\/v2\/media\/16394"}],"wp:attachment":[{"href":"https:\/\/hostnetart.com.br\/baixada\/wp-json\/wp\/v2\/media?parent=16395"}],"wp:term":[{"taxonomy":"category","embeddable":true,"href":"https:\/\/hostnetart.com.br\/baixada\/wp-json\/wp\/v2\/categories?post=16395"},{"taxonomy":"post_tag","embeddable":true,"href":"https:\/\/hostnetart.com.br\/baixada\/wp-json\/wp\/v2\/tags?post=16395"}],"curies":[{"name":"wp","href":"https:\/\/api.w.org\/{rel}","templated":true}]}}