{"id":16393,"date":"2025-05-15T17:05:58","date_gmt":"2025-05-15T20:05:58","guid":{"rendered":"https:\/\/hostnetart.com.br\/baixada\/edital-de-convocacao-assembleia-extraordinaria-especifica-itau\/"},"modified":"2025-05-15T17:05:58","modified_gmt":"2025-05-15T20:05:58","slug":"edital-de-convocacao-assembleia-extraordinaria-especifica-itau","status":"publish","type":"post","link":"https:\/\/hostnetart.com.br\/baixada\/edital-de-convocacao-assembleia-extraordinaria-especifica-itau\/","title":{"rendered":"EDITAL DE CONVOCA\u00c7\u00c3O &#8211; ASSEMBLEIA EXTRAORDIN\u00c1RIA ESPEC\u00cdFICA ITA\u00da"},"content":{"rendered":"<\/p>\n","protected":false},"excerpt":{"rendered":"","protected":false},"author":1,"featured_media":16392,"comment_status":"","ping_status":"","sticky":false,"template":"","format":"standard","meta":{"footnotes":""},"categories":[7],"tags":[],"class_list":["post-16393","post","type-post","status-publish","format-standard","has-post-thumbnail","hentry","category-edital"],"_links":{"self":[{"href":"https:\/\/hostnetart.com.br\/baixada\/wp-json\/wp\/v2\/posts\/16393","targetHints":{"allow":["GET"]}}],"collection":[{"href":"https:\/\/hostnetart.com.br\/baixada\/wp-json\/wp\/v2\/posts"}],"about":[{"href":"https:\/\/hostnetart.com.br\/baixada\/wp-json\/wp\/v2\/types\/post"}],"author":[{"embeddable":true,"href":"https:\/\/hostnetart.com.br\/baixada\/wp-json\/wp\/v2\/users\/1"}],"replies":[{"embeddable":true,"href":"https:\/\/hostnetart.com.br\/baixada\/wp-json\/wp\/v2\/comments?post=16393"}],"version-history":[{"count":0,"href":"https:\/\/hostnetart.com.br\/baixada\/wp-json\/wp\/v2\/posts\/16393\/revisions"}],"wp:featuredmedia":[{"embeddable":true,"href":"https:\/\/hostnetart.com.br\/baixada\/wp-json\/wp\/v2\/media\/16392"}],"wp:attachment":[{"href":"https:\/\/hostnetart.com.br\/baixada\/wp-json\/wp\/v2\/media?parent=16393"}],"wp:term":[{"taxonomy":"category","embeddable":true,"href":"https:\/\/hostnetart.com.br\/baixada\/wp-json\/wp\/v2\/categories?post=16393"},{"taxonomy":"post_tag","embeddable":true,"href":"https:\/\/hostnetart.com.br\/baixada\/wp-json\/wp\/v2\/tags?post=16393"}],"curies":[{"name":"wp","href":"https:\/\/api.w.org\/{rel}","templated":true}]}}