{"id":16387,"date":"2025-05-15T12:24:59","date_gmt":"2025-05-15T15:24:59","guid":{"rendered":"https:\/\/hostnetart.com.br\/baixada\/financiarios-avancam-no-debate-sobre-plr-e-rosto-dos-financiarios-em-nova-reuniao-com-a-fenacrefi\/"},"modified":"2025-05-15T12:24:59","modified_gmt":"2025-05-15T15:24:59","slug":"financiarios-avancam-no-debate-sobre-plr-e-rosto-dos-financiarios-em-nova-reuniao-com-a-fenacrefi","status":"publish","type":"post","link":"https:\/\/hostnetart.com.br\/baixada\/financiarios-avancam-no-debate-sobre-plr-e-rosto-dos-financiarios-em-nova-reuniao-com-a-fenacrefi\/","title":{"rendered":"Financi\u00e1rios avan\u00e7am no debate sobre PLR e \u201cRosto dos Financi\u00e1rios\u201d em nova reuni\u00e3o com a Fenacrefi"},"content":{"rendered":"<p>\u00a0<\/p>\n<p>Os financi\u00e1rios voltaram a se reunir com a Fenacrefi nesta quarta-feira, 14 de maio, na sede da Contraf-CUT, em S\u00e3o Paulo. O encontro teve como foco principal a Participa\u00e7\u00e3o nos Lucros e Resultados (PLR) e o levantamento do chamado \u201cRosto dos Financi\u00e1rios\u201d \u2014 um mapeamento do perfil da categoria.\u00a0<\/p>\n<h2>PLR: debate continua<\/h2>\n<p>Apesar da disposi\u00e7\u00e3o das partes, o debate sobre a PLR n\u00e3o avan\u00e7ou para uma reformula\u00e7\u00e3o para 2025. A Fenacrefi informou que ainda n\u00e3o possui informa\u00e7\u00f5es suficientes de todas as empresas para embasar uma proposta de mudan\u00e7a nas regras atuais. Dessa forma, o que est\u00e1 assegurado na Conven\u00e7\u00e3o Coletiva de Trabalho, na cl\u00e1usula quarta, segue valendo: as mesmas regras da PLR de 2024 continuam aplicados em 2025, com reajuste previsto em CCT.<\/p>\n<p>Para Jair Alves, diretor da Contraf-CUT, o acordo de dois anos firmado na \u00faltima campanha garantiu seguran\u00e7a para a categoria: \u201cA manuten\u00e7\u00e3o da PLR por mais um ano \u00e9 uma conquista importante, fruto do acordo de dois anos que negociamos. Agora, temos mais tempo para buscar avan\u00e7os sem retrocessos\u201d, afirmou.\u00a0<\/p>\n<h2>Rosto dos Financi\u00e1rios: mapeamento em andamento<\/h2>\n<p>Outro tema discutido foi o projeto \u201cRosto dos Financi\u00e1rios\u201d, que tem como objetivo tra\u00e7ar o perfil dos trabalhadores do setor.<\/p>\n<p>Uma empresa j\u00e1 foi contratada para realizar o levantamento. O prazo estimado para a conclus\u00e3o do trabalho \u00e9 de 90 a 120 dias. Ap\u00f3s esse per\u00edodo, uma nova reuni\u00e3o ser\u00e1 marcada para apresenta\u00e7\u00e3o e an\u00e1lise dos dados coletados.<\/p>\n<p>Magaly Fagundes, coordenadora do Coletivo Nacional dos Financi\u00e1rios da Contraf-CUT, ressaltou a relev\u00e2ncia do estudo. \u201c\u00c9 fundamental conhecermos os trabalhadores que representamos, saber quem eles s\u00e3o para entender o que pensam e o que precisam. Isso fortalece nossa representa\u00e7\u00e3o e qualifica nossa atua\u00e7\u00e3o\u201d, afirmou.<\/p>\n<p><b>Fonte: Contraf-CUT<\/b><\/p>\n","protected":false},"excerpt":{"rendered":"<p>\u00a0 Os financi\u00e1rios voltaram a se reunir com a Fenacrefi nesta quarta-feira, 14 de maio, na sede da Contraf-CUT, em S\u00e3o Paulo. O encontro teve como foco principal a Participa\u00e7\u00e3o nos Lucros e Resultados (PLR) e o levantamento do chamado \u201cRosto dos Financi\u00e1rios\u201d \u2014 um mapeamento do perfil da categoria.\u00a0 PLR: debate continua Apesar da [&hellip;]<\/p>\n","protected":false},"author":2,"featured_media":16386,"comment_status":"","ping_status":"","sticky":false,"template":"","format":"standard","meta":{"footnotes":""},"categories":[3],"tags":[],"class_list":["post-16387","post","type-post","status-publish","format-standard","has-post-thumbnail","hentry","category-noticias"],"_links":{"self":[{"href":"https:\/\/hostnetart.com.br\/baixada\/wp-json\/wp\/v2\/posts\/16387","targetHints":{"allow":["GET"]}}],"collection":[{"href":"https:\/\/hostnetart.com.br\/baixada\/wp-json\/wp\/v2\/posts"}],"about":[{"href":"https:\/\/hostnetart.com.br\/baixada\/wp-json\/wp\/v2\/types\/post"}],"author":[{"embeddable":true,"href":"https:\/\/hostnetart.com.br\/baixada\/wp-json\/wp\/v2\/users\/2"}],"replies":[{"embeddable":true,"href":"https:\/\/hostnetart.com.br\/baixada\/wp-json\/wp\/v2\/comments?post=16387"}],"version-history":[{"count":0,"href":"https:\/\/hostnetart.com.br\/baixada\/wp-json\/wp\/v2\/posts\/16387\/revisions"}],"wp:featuredmedia":[{"embeddable":true,"href":"https:\/\/hostnetart.com.br\/baixada\/wp-json\/wp\/v2\/media\/16386"}],"wp:attachment":[{"href":"https:\/\/hostnetart.com.br\/baixada\/wp-json\/wp\/v2\/media?parent=16387"}],"wp:term":[{"taxonomy":"category","embeddable":true,"href":"https:\/\/hostnetart.com.br\/baixada\/wp-json\/wp\/v2\/categories?post=16387"},{"taxonomy":"post_tag","embeddable":true,"href":"https:\/\/hostnetart.com.br\/baixada\/wp-json\/wp\/v2\/tags?post=16387"}],"curies":[{"name":"wp","href":"https:\/\/api.w.org\/{rel}","templated":true}]}}