{"id":16383,"date":"2025-05-15T12:20:30","date_gmt":"2025-05-15T15:20:30","guid":{"rendered":"https:\/\/hostnetart.com.br\/baixada\/cee-cobra-dados-do-saude-caixa\/"},"modified":"2025-05-15T12:20:30","modified_gmt":"2025-05-15T15:20:30","slug":"cee-cobra-dados-do-saude-caixa","status":"publish","type":"post","link":"https:\/\/hostnetart.com.br\/baixada\/cee-cobra-dados-do-saude-caixa\/","title":{"rendered":"CEE cobra dados do Sa\u00fade Caixa"},"content":{"rendered":"<\/p>\n<p>A representa\u00e7\u00e3o das empregadas e empregados da Caixa Econ\u00f4mica Federal solicitou para o banco, em reuni\u00e3o ocorrida na segunda-feira (12), o fornecimento dos dados prim\u00e1rios dos \u00faltimos dez anos do Sa\u00fade Caixa, para in\u00edcio dos trabalhos da consultoria atuarial contratada pelos empregados para fazer an\u00e1lise atuarial do plano de sa\u00fade. A gest\u00e3o Carlos Vieira n\u00e3o garantiu o acesso \u00e0s informa\u00e7\u00f5es. A Contraf-CUT encaminhou of\u00edcio formalizando o pedido.<\/p>\n<p>A consultoria atuarial, que foi contratada pelas entidades ir\u00e1 assessorar os representantes dos empregados no Grupo de Trabalho (GT) do Sa\u00fade Caixa nas avalia\u00e7\u00f5es e com a produ\u00e7\u00e3o de relat\u00f3rios para subsidiar as discuss\u00f5es do grupo, solicitou os dados do per\u00edodo de 10 anos para realizar uma an\u00e1lise prospectiva mais robusta do plano. Os representantes da Caixa, por\u00e9m, informaram que n\u00e3o poderiam garantir que dar\u00e3o acesso a estes dados.<\/p>\n<p>Ao serem questionados quando seria dado o retorno em rela\u00e7\u00e3o \u00e0 reivindica\u00e7\u00e3o de acesso aos dados, os representantes do banco disseram que o prazo para a resposta era \u201cindefinido\u201d.<\/p>\n<p>\u201cSempre cobramos transpar\u00eancia da gest\u00e3o, e no \u00faltimo aditivo assinado fizemos quest\u00e3o de incluir uma cl\u00e1usula que garantisse acesso aos dados, para que pud\u00e9ssemos realizar nossas pr\u00f3prias an\u00e1lises das condi\u00e7\u00f5es do plano. Mesmo assim, os representantes da administra\u00e7\u00e3o de Carlos Vieira dizem que n\u00e3o podem garantir que teremos este acesso\u201d, disse o coordenador da representa\u00e7\u00e3o dos trabalhadores no GT Sa\u00fade Caixa, Leonardo Quadros, que \u00e9 presidente da Apcef\/SP e diretor de Sa\u00fade e Previd\u00eancia da Fenae. \u201c\u00c9 um absurdo, j\u00e1 que o plano pertence a n\u00f3s, empregados, e boa parte de seu financiamento vem de nossas contribui\u00e7\u00f5es. A gest\u00e3o da Caixa precisa respeitar os empregados, e cumprir o compromisso assumido no acordo. N\u00e3o podemos esperar indefinidamente para ter acesso aos dados. A consultoria atuarial que nos assessora depende deles para realizar seu trabalho de forma adequada\u201d, completou.<\/p>\n<p>O coordenador da Comiss\u00e3o Executiva dos Empregados (CEE) da Caixa, Felipe Pacheco, ressalta a necessidade do acesso aos dados: \u201cO trabalho da consultoria \u00e9 fundamental para subsidiar o GT e as negocia\u00e7\u00f5es sobre o plano de sa\u00fade. Mas os resultados dependem das informa\u00e7\u00f5es que s\u00e3o fornecidas. Por isso, vamos oficiar a Caixa, para que ela se manifeste formalmente sobre nossa justa reivindica\u00e7\u00e3o\u201d, informou.<\/p>\n<p><b>Fonte: Contraf-CUT<\/b><\/p>\n","protected":false},"excerpt":{"rendered":"<p>A representa\u00e7\u00e3o das empregadas e empregados da Caixa Econ\u00f4mica Federal solicitou para o banco, em reuni\u00e3o ocorrida na segunda-feira (12), o fornecimento dos dados prim\u00e1rios dos \u00faltimos dez anos do Sa\u00fade Caixa, para in\u00edcio dos trabalhos da consultoria atuarial contratada pelos empregados para fazer an\u00e1lise atuarial do plano de sa\u00fade. A gest\u00e3o Carlos Vieira n\u00e3o [&hellip;]<\/p>\n","protected":false},"author":2,"featured_media":16382,"comment_status":"","ping_status":"","sticky":false,"template":"","format":"standard","meta":{"footnotes":""},"categories":[3],"tags":[],"class_list":["post-16383","post","type-post","status-publish","format-standard","has-post-thumbnail","hentry","category-noticias"],"_links":{"self":[{"href":"https:\/\/hostnetart.com.br\/baixada\/wp-json\/wp\/v2\/posts\/16383","targetHints":{"allow":["GET"]}}],"collection":[{"href":"https:\/\/hostnetart.com.br\/baixada\/wp-json\/wp\/v2\/posts"}],"about":[{"href":"https:\/\/hostnetart.com.br\/baixada\/wp-json\/wp\/v2\/types\/post"}],"author":[{"embeddable":true,"href":"https:\/\/hostnetart.com.br\/baixada\/wp-json\/wp\/v2\/users\/2"}],"replies":[{"embeddable":true,"href":"https:\/\/hostnetart.com.br\/baixada\/wp-json\/wp\/v2\/comments?post=16383"}],"version-history":[{"count":0,"href":"https:\/\/hostnetart.com.br\/baixada\/wp-json\/wp\/v2\/posts\/16383\/revisions"}],"wp:featuredmedia":[{"embeddable":true,"href":"https:\/\/hostnetart.com.br\/baixada\/wp-json\/wp\/v2\/media\/16382"}],"wp:attachment":[{"href":"https:\/\/hostnetart.com.br\/baixada\/wp-json\/wp\/v2\/media?parent=16383"}],"wp:term":[{"taxonomy":"category","embeddable":true,"href":"https:\/\/hostnetart.com.br\/baixada\/wp-json\/wp\/v2\/categories?post=16383"},{"taxonomy":"post_tag","embeddable":true,"href":"https:\/\/hostnetart.com.br\/baixada\/wp-json\/wp\/v2\/tags?post=16383"}],"curies":[{"name":"wp","href":"https:\/\/api.w.org\/{rel}","templated":true}]}}