{"id":16379,"date":"2025-05-14T12:20:45","date_gmt":"2025-05-14T15:20:45","guid":{"rendered":"https:\/\/hostnetart.com.br\/baixada\/em-2025-vai-ter-consulta-nacional-dos-bancarios-e-bancarias\/"},"modified":"2025-05-14T12:20:45","modified_gmt":"2025-05-14T15:20:45","slug":"em-2025-vai-ter-consulta-nacional-dos-bancarios-e-bancarias","status":"publish","type":"post","link":"https:\/\/hostnetart.com.br\/baixada\/em-2025-vai-ter-consulta-nacional-dos-bancarios-e-bancarias\/","title":{"rendered":"Em 2025, vai ter Consulta Nacional dos Banc\u00e1rios e Banc\u00e1rias!"},"content":{"rendered":"<p>Neste ano a categoria banc\u00e1ria n\u00e3o ter\u00e1 a campanha nacional, mas ser\u00e1 chamada para responder \u00e0 <strong>Consulta Nacional 2025<\/strong>, com <strong>lan\u00e7amento na quinta-feira, 15 de maio<\/strong>. O levantamento, realizado todos os anos pelo movimento sindical, auxilia na formula\u00e7\u00e3o de estrat\u00e9gias de reivindica\u00e7\u00f5es e para a defini\u00e7\u00e3o das prioridades dos trabalhadores nos debates em mesa de negocia\u00e7\u00e3o com os bancos.<\/p>\n<p><strong>&#8220;Banc\u00e1rias e banc\u00e1rios de todo o pa\u00eds, sejam eles filiados ou n\u00e3o aos sindicatos, podem responder \u00e0 Consulta Nacional&#8221;<\/strong>, explica a coordenadora do Comando Nacional dos Banc\u00e1rios e presidenta da Confedera\u00e7\u00e3o Nacional dos Trabalhadores do Ramo Financeiro (Contraf-CUT), Juvandia Moreira.<strong> &#8220;Os resultados da consulta s\u00e3o utilizados para formular as pautas das negocia\u00e7\u00f5es coletivas e das campanhas salariais. Por isso que essa fase, de levantamento, \u00e9 fundamental, para que a gente tenha uma vis\u00e3o assertiva dos desejos da categoria&#8221;<\/strong>, completa a dirigente.<\/p>\n<h2>Como funciona<\/h2>\n<p>O conte\u00fado e a estrutura da Consulta Nacional dos Banc\u00e1rios 2025 <a href=\"https:\/\/contrafcut.com.br\/noticias\/comando-dos-bancarios-aprova-consulta-nacional-a-categoria-8A808028966A252901967E97782A714C-00\/\" target=\"_blank\" rel=\"noopener noreferrer\">foi aprovada pelo Comando Nacional dos Banc\u00e1rios,<\/a> grupo que re\u00fane representantes sindicais de todo o pa\u00eds, no dia 28 de abril.<\/p>\n<p><strong>O levantamento est\u00e1 dividido em quatro setores.<\/strong> O primeiro \u00e9 uma r\u00e1pida triagem sobre qual banco, setor e perfil do respondente <strong>(sem a necessidade de se identificar com nome, RG etc)<\/strong>. Na segunda parte, os banc\u00e1rios s\u00e3o convidados a responderem sobre o emprego; na terceira, sobre temas ligados ao quadro pol\u00edtico e econ\u00f4mico do pa\u00eds, pois <strong>queremos saber como a categoria avalia situa\u00e7\u00f5es que afetam a sua realidade<\/strong>. Por \u00faltimo, sobre temas sindicais.<\/p>\n<p>As quest\u00f5es s\u00e3o din\u00e2micas e de m\u00faltiplas escolhas e o tempo da consulta<strong> leva menos de 5 minutos.<\/strong><\/p>\n<h2>Convoca\u00e7\u00e3o<\/h2>\n<p>&#8220;A consulta, exatamente agora, est\u00e1 em fase de implementa\u00e7\u00e3o t\u00e9cnica para que, no dia 15 de maio, todos os sindicatos do pa\u00eds mobilizem banc\u00e1rias e banc\u00e1rios de suas bases para participarem desse levantamento&#8221;, destaca Juvandia Moreira. <strong>\u201c\u00c9 muito importante a participa\u00e7\u00e3o de todos e todas, porque esse conhecimento sobre os anseios da categoria \u00e9 o que nos ajuda a entregar, da melhor forma, o nosso trabalho de organiza\u00e7\u00e3o e mobiliza\u00e7\u00e3o para manter direitos e avan\u00e7ar em novas conquistas nas campanhas salariais&#8221;<\/strong>, conclui a dirigente.<\/p>\n<p><strong>PARA\u00a0PARTICIPAR<\/strong><\/p>\n<p>O link j\u00e1 est\u00e1 dispon\u00edvel (abaixo) para o levantamento, realizado todos os anos com o objetivo de conhecer o perfil da categoria.<\/p>\n<p>\u00c9 r\u00e1pido e f\u00e1cil. Leva menos de cinco minutos, s\u00e3o perguntas de m\u00faltiplas escolhas e voc\u00ea n\u00e3o precisa se identificar.<\/p>\n<p>A Consulta Nacional \u00e9 fundamental para que o movimento sindical entenda os anseios e necessidades da categoria, para melhorar a luta pelas banc\u00e1rias e banc\u00e1rios nas reivindica\u00e7\u00f5es aos bancos.<\/p>\n<p>Al\u00e9m de perguntas sobre o que gostariam que melhorasse em seu trabalho e em outras quest\u00f5es ligadas ao emprego, a Consulta traz temas sobre o quadro pol\u00edtico e econ\u00f4mico do pa\u00eds, para saber como a categoria avalia situa\u00e7\u00f5es que afetam diretamente a sua vida.<\/p>\n<p>Acesse o link \u2013 Campanha Nacional dos Banc\u00e1rios 2025 &#8211; <a href=\"https:\/\/consultabancarios2025.votabem.com.br\/\">https:\/\/consultabancarios2025.votabem.com.br\/<\/a><\/p>\n<p><strong>Fonte: Contraf-CUT<\/strong><\/p>\n","protected":false},"excerpt":{"rendered":"<p>Neste ano a categoria banc\u00e1ria n\u00e3o ter\u00e1 a campanha nacional, mas ser\u00e1 chamada para responder \u00e0 Consulta Nacional 2025, com lan\u00e7amento na quinta-feira, 15 de maio. O levantamento, realizado todos os anos pelo movimento sindical, auxilia na formula\u00e7\u00e3o de estrat\u00e9gias de reivindica\u00e7\u00f5es e para a defini\u00e7\u00e3o das prioridades dos trabalhadores nos debates em mesa de [&hellip;]<\/p>\n","protected":false},"author":2,"featured_media":16378,"comment_status":"","ping_status":"","sticky":false,"template":"","format":"standard","meta":{"footnotes":""},"categories":[3],"tags":[],"class_list":["post-16379","post","type-post","status-publish","format-standard","has-post-thumbnail","hentry","category-noticias"],"_links":{"self":[{"href":"https:\/\/hostnetart.com.br\/baixada\/wp-json\/wp\/v2\/posts\/16379","targetHints":{"allow":["GET"]}}],"collection":[{"href":"https:\/\/hostnetart.com.br\/baixada\/wp-json\/wp\/v2\/posts"}],"about":[{"href":"https:\/\/hostnetart.com.br\/baixada\/wp-json\/wp\/v2\/types\/post"}],"author":[{"embeddable":true,"href":"https:\/\/hostnetart.com.br\/baixada\/wp-json\/wp\/v2\/users\/2"}],"replies":[{"embeddable":true,"href":"https:\/\/hostnetart.com.br\/baixada\/wp-json\/wp\/v2\/comments?post=16379"}],"version-history":[{"count":0,"href":"https:\/\/hostnetart.com.br\/baixada\/wp-json\/wp\/v2\/posts\/16379\/revisions"}],"wp:featuredmedia":[{"embeddable":true,"href":"https:\/\/hostnetart.com.br\/baixada\/wp-json\/wp\/v2\/media\/16378"}],"wp:attachment":[{"href":"https:\/\/hostnetart.com.br\/baixada\/wp-json\/wp\/v2\/media?parent=16379"}],"wp:term":[{"taxonomy":"category","embeddable":true,"href":"https:\/\/hostnetart.com.br\/baixada\/wp-json\/wp\/v2\/categories?post=16379"},{"taxonomy":"post_tag","embeddable":true,"href":"https:\/\/hostnetart.com.br\/baixada\/wp-json\/wp\/v2\/tags?post=16379"}],"curies":[{"name":"wp","href":"https:\/\/api.w.org\/{rel}","templated":true}]}}