{"id":16375,"date":"2025-05-13T15:06:43","date_gmt":"2025-05-13T18:06:43","guid":{"rendered":"https:\/\/hostnetart.com.br\/baixada\/beneficios-da-funcef-como-a-meta-atuarial-entra-nesse-calculo\/"},"modified":"2025-05-13T15:06:43","modified_gmt":"2025-05-13T18:06:43","slug":"beneficios-da-funcef-como-a-meta-atuarial-entra-nesse-calculo","status":"publish","type":"post","link":"https:\/\/hostnetart.com.br\/baixada\/beneficios-da-funcef-como-a-meta-atuarial-entra-nesse-calculo\/","title":{"rendered":"Benef\u00edcios da Funcef: Como a meta atuarial entra nesse c\u00e1lculo?"},"content":{"rendered":"<p>A meta atuarial \u00e9 um dos pilares que sustentam o c\u00e1lculo dos benef\u00edcios pagos aos participantes. Independentemente do plano ao qual perten\u00e7a, a meta \u00e9 como uma b\u00fassola que orienta a rentabilidade dos investimentos necess\u00e1ria para garantir o pagamento das futuras aposentadorias. E quando essa b\u00fassola \u00e9 alterada, impacta diretamente no benef\u00edcio, especialmente quando a dire\u00e7\u00e3o aponta para baixo.<\/p>\n<p>Quanto maior a meta, menor o valor necess\u00e1rio hoje para cumprir o pagamento no futuro. Por outro lado, se a meta atuarial for menor, o valor presente necess\u00e1rio para honrar o mesmo compromisso ser\u00e1 maior, exigindo, portanto, uma reserva maior.<\/p>\n<p>Para come\u00e7ar, se voc\u00ea \u00e9 participante da ativa (REB e Novo Plano), \u00e9 preciso explicar que o valor do seu benef\u00edcio n\u00e3o depende apenas das suas reservas acumuladas. Para calcul\u00e1-lo \u00e9 preciso considerar um conjunto vari\u00e1veis, chamadas premissas atuariais. Algumas delas s\u00e3o:<\/p>\n<p><strong>T\u00e1bua de Mortalidade \u2013<\/strong>\u00a0\u00e9 uma estimativa da expectativa de vida. Com base nela, a Funcef calcula por quanto tempo, em m\u00e9dia, voc\u00ea receber\u00e1 seu benef\u00edcio. Quanto maior a expectativa de vida, mais tempo o valor da sua reserva precisa durar.<\/p>\n<p><strong>Fator de Capacidade Salarial \u2013<\/strong>\u00a0projeta o valor real anual do seu benef\u00edcio, considerando a infla\u00e7\u00e3o medida pelo INPC. A Funcef considera que o benef\u00edcio real vai acompanhar 98% da infla\u00e7\u00e3o medida pelo INPC. Isso quer dizer que, ao projetar seus pagamentos futuros, o sistema assume uma pequena defasagem em rela\u00e7\u00e3o \u00e0 infla\u00e7\u00e3o real.<\/p>\n<p><strong>Composi\u00e7\u00e3o Familiar \u2013<\/strong>\u00a0avalia se voc\u00ea tem dependentes que poder\u00e3o receber pens\u00e3o ap\u00f3s o seu falecimento. Isso influencia tanto no valor quanto na dura\u00e7\u00e3o da pens\u00e3o.<\/p>\n<p>Quando voc\u00ea se aposenta, sua reserva acumulada (composta pelas suas contribui\u00e7\u00f5es e pelas contribui\u00e7\u00f5es da Caixa) representa o valor presente. O tempo estimado que voc\u00ea receber\u00e1 o benef\u00edcio \u00e9 baseado na t\u00e1bua de mortalidade. A meta atuarial entra como uma taxa de juros projetada para calcular o valor do benef\u00edcio mensal que voc\u00ea vai receber.<\/p>\n<p>Se a meta atuarial for de 5,5% ao ano, voc\u00ea ter\u00e1 um benef\u00edcio X. Mas, se a meta for reduzida para 4,5%, o seu benef\u00edcio ser\u00e1 mais de 10% menor, o que representa, na pr\u00e1tica, um equacionamento perp\u00e9tuo, independentemente dos resultados dos investimentos.<\/p>\n<p>\u00c9 importante destacar que esse c\u00e1lculo \u00e9 feito com base no seu saldo de conta. Ou seja, nesse momento, a Caixa n\u00e3o contribui mais. O que estiver acumulado \u00e9 o que ser\u00e1 usado para pagar seus benef\u00edcios.<\/p>\n<p>O impacto para os aposentados e pensionistas \u00e9 diferente, pois o valor do benef\u00edcio e o tempo de recebimento j\u00e1 est\u00e3o definidos. Assim, com a meta atuarial, a reserva necess\u00e1ria para os pagamentos \u00e9 calculada.<\/p>\n<p>Neste caso, \u00e9 preciso entender que metas muito conservadoras podem gerar desequil\u00edbrios nos planos, exigindo mais recursos no presente para garantir os pagamentos futuros.<\/p>\n<p>\u00c9 por isso que a decis\u00e3o tomada em 2017, de reduzir a meta de 5,51% + INPC para 4,5% + INPC, foi t\u00e3o danosa. Ela comprometeu os resultados dos planos e agravou o d\u00e9ficit, impactando negativamente os participantes, especialmente os do REG\/Replan Saldado, j\u00e1 sobrecarregados com contribui\u00e7\u00f5es extraordin\u00e1rias.<\/p>\n<p>N\u00e3o houvesse a dr\u00e1stica redu\u00e7\u00e3o ocorrida em 2017, o d\u00e9ficit n\u00e3o equacionado do REG\/REPLAN poderia ter sido evitado \u2014 e at\u00e9 mesmo um poss\u00edvel super\u00e1vit poderia ter sido utilizado para reduzir o equacionamento. A mudan\u00e7a, na pr\u00e1tica, reduziu os benef\u00edcios futuros dos participantes dos planos que ainda est\u00e3o na ativa e aumentou a conta a ser paga pelos aposentados.<\/p>\n<p>Por isso, entender o impacto da meta atuarial \u00e9 fundamental para que a Funcef cumpra seu papel de administrar bem os recursos para garantir o pagamento de benef\u00edcios justos aos empregados da Caixa. E os participantes t\u00eam o direito de compreender como decis\u00f5es t\u00e9cnicas afetam diretamente seus rendimentos e seu futuro.<\/p>\n<p><strong>Texto:<\/strong>\u00a0<a href=\"https:\/\/metaatuarial.fenae.org.br\/portal\/meta-atuarial\/noticias\/beneficios-da-funcef-como-a-meta-atuarial-entra-nesse-calculo.htm\" target=\"_blank\" rel=\"noopener noreferrer\">Fenae<\/a><\/p>\n","protected":false},"excerpt":{"rendered":"<p>A meta atuarial \u00e9 um dos pilares que sustentam o c\u00e1lculo dos benef\u00edcios pagos aos participantes. Independentemente do plano ao qual perten\u00e7a, a meta \u00e9 como uma b\u00fassola que orienta a rentabilidade dos investimentos necess\u00e1ria para garantir o pagamento das futuras aposentadorias. E quando essa b\u00fassola \u00e9 alterada, impacta diretamente no benef\u00edcio, especialmente quando a [&hellip;]<\/p>\n","protected":false},"author":2,"featured_media":16374,"comment_status":"","ping_status":"","sticky":false,"template":"","format":"standard","meta":{"footnotes":""},"categories":[3],"tags":[],"class_list":["post-16375","post","type-post","status-publish","format-standard","has-post-thumbnail","hentry","category-noticias"],"_links":{"self":[{"href":"https:\/\/hostnetart.com.br\/baixada\/wp-json\/wp\/v2\/posts\/16375","targetHints":{"allow":["GET"]}}],"collection":[{"href":"https:\/\/hostnetart.com.br\/baixada\/wp-json\/wp\/v2\/posts"}],"about":[{"href":"https:\/\/hostnetart.com.br\/baixada\/wp-json\/wp\/v2\/types\/post"}],"author":[{"embeddable":true,"href":"https:\/\/hostnetart.com.br\/baixada\/wp-json\/wp\/v2\/users\/2"}],"replies":[{"embeddable":true,"href":"https:\/\/hostnetart.com.br\/baixada\/wp-json\/wp\/v2\/comments?post=16375"}],"version-history":[{"count":0,"href":"https:\/\/hostnetart.com.br\/baixada\/wp-json\/wp\/v2\/posts\/16375\/revisions"}],"wp:featuredmedia":[{"embeddable":true,"href":"https:\/\/hostnetart.com.br\/baixada\/wp-json\/wp\/v2\/media\/16374"}],"wp:attachment":[{"href":"https:\/\/hostnetart.com.br\/baixada\/wp-json\/wp\/v2\/media?parent=16375"}],"wp:term":[{"taxonomy":"category","embeddable":true,"href":"https:\/\/hostnetart.com.br\/baixada\/wp-json\/wp\/v2\/categories?post=16375"},{"taxonomy":"post_tag","embeddable":true,"href":"https:\/\/hostnetart.com.br\/baixada\/wp-json\/wp\/v2\/tags?post=16375"}],"curies":[{"name":"wp","href":"https:\/\/api.w.org\/{rel}","templated":true}]}}