{"id":16373,"date":"2025-05-13T15:05:18","date_gmt":"2025-05-13T18:05:18","guid":{"rendered":"https:\/\/hostnetart.com.br\/baixada\/conferencia-nacional-do-meio-ambiente-aprova-100-propostas-para-enfrentar-emergencia-climatica\/"},"modified":"2025-05-13T15:05:18","modified_gmt":"2025-05-13T18:05:18","slug":"conferencia-nacional-do-meio-ambiente-aprova-100-propostas-para-enfrentar-emergencia-climatica","status":"publish","type":"post","link":"https:\/\/hostnetart.com.br\/baixada\/conferencia-nacional-do-meio-ambiente-aprova-100-propostas-para-enfrentar-emergencia-climatica\/","title":{"rendered":"Confer\u00eancia Nacional do Meio Ambiente aprova 100 propostas para enfrentar emerg\u00eancia clim\u00e1tica"},"content":{"rendered":"<p>A 5\u00aa Confer\u00eancia Nacional do Meio Ambiente (CNMA) foi encerrada nesta sexta-feira (9), em Bras\u00edlia (DF), com a aprova\u00e7\u00e3o de 100 propostas priorit\u00e1rias para enfrentar a emerg\u00eancia clim\u00e1tica no Brasil. O evento reuniu mais de tr\u00eas mil pessoas de todos os estados, eleitos em etapas municipais e estaduais realizadas nos \u00faltimos meses, retomando um processo democr\u00e1tico de constru\u00e7\u00e3o das pol\u00edticas ambientais ap\u00f3s 11 anos.<\/p>\n<p>As propostas aprovadas est\u00e3o divididas em cinco eixos tem\u00e1ticos: Mitiga\u00e7\u00e3o, Adapta\u00e7\u00e3o e Prepara\u00e7\u00e3o para Desastres, Justi\u00e7a Clim\u00e1tica, Transforma\u00e7\u00e3o Ecol\u00f3gica e Governan\u00e7a e Educa\u00e7\u00e3o Ambiental. Entre os destaques est\u00e3o a prioriza\u00e7\u00e3o da agricultura familiar, a regulariza\u00e7\u00e3o fundi\u00e1ria, projetos de queimadas zero, incentivo a sistemas agroflorestais e territ\u00f3rios livres de agrot\u00f3xicos, al\u00e9m do fortalecimento da coleta seletiva e do uso sustent\u00e1vel da cannabis.<\/p>\n<p>Presente no encerramento, a ministra do Meio Ambiente, Marina Silva, enfatizou o car\u00e1ter participativo e popular da confer\u00eancia. \u201cSe a gente quer justi\u00e7a clim\u00e1tica, a gente precisa combater a desigualdade, porque as pessoas mais afetadas pela inseguran\u00e7a clim\u00e1tica s\u00e3o as mais vulnerabilizadas\u201d, afirmou.<\/p>\n<p>A ministra da Cultura, Margareth Menezes, tamb\u00e9m destacou a import\u00e2ncia da retomada da participa\u00e7\u00e3o social: \u201cAs confer\u00eancias nacionais posicionam a sociedade civil no cora\u00e7\u00e3o pulsante da constru\u00e7\u00e3o do que queremos para o nosso pa\u00eds\u201d.<\/p>\n<p>Para Elaine Cutis, secret\u00e1ria de Pol\u00edticas Sociais da Contraf-CUT, a 5\u00aa CNMA foi um momento decisivo para recolocar a popula\u00e7\u00e3o no centro das decis\u00f5es ambientais:<\/p>\n<p>\u201cEncerramos a 5\u00aa CNMA com o sentimento de ter participado de um marco hist\u00f3rico para o Brasil. Ap\u00f3s 11 anos, voltamos a ocupar um espa\u00e7o fundamental de di\u00e1logo, troca e constru\u00e7\u00e3o coletiva de pol\u00edticas ambientais \u2014 com a certeza de que n\u00e3o h\u00e1 transi\u00e7\u00e3o ecol\u00f3gica justa sem a inclus\u00e3o da classe trabalhadora e das popula\u00e7\u00f5es vulnerabilizadas. Foram tr\u00eas mil vozes vindas de todos os estados do pa\u00eds, que juntas constru\u00edram 100 propostas priorit\u00e1rias, fruto de mais de 2.600 contribui\u00e7\u00f5es sociais. Trabalhadores, ind\u00edgenas, quilombolas, comunidades tradicionais, mulheres e popula\u00e7\u00e3o negra foram protagonistas desse processo. \u00c9 essa diversidade que d\u00e1 sentido \u00e0 democracia ambiental \u2014 uma democracia que nasce na base e se expressa na luta pelo clima, pela vida e pela justi\u00e7a social. Neste ano em que o Brasil se prepara para sediar a COP30, a 5\u00aa CNMA demonstra ao mundo nosso compromisso: reduzir o desmatamento at\u00e9 2030, alcan\u00e7ar emiss\u00f5es l\u00edquidas zero at\u00e9 2035 e liderar uma verdadeira transforma\u00e7\u00e3o ecol\u00f3gica com justi\u00e7a clim\u00e1tica e participa\u00e7\u00e3o popular. A Contraf-CUT segue firme nessa constru\u00e7\u00e3o. Porque o futuro se faz juntos(as). E ele come\u00e7a agora \u2014 com as vozes das ruas, dos campos, dos rios e das florestas ecoando em cada decis\u00e3o pol\u00edtica. Seguimos juntos pela vida, pelo clima e pela equidade.\u201d<\/p>\n<p>Segundo o Minist\u00e9rio do Meio Ambiente, mais de 900 confer\u00eancias locais foram realizadas em todo o pa\u00eds, mobilizando 2.570 munic\u00edpios. Ap\u00f3s esse processo, foram consolidadas 2.635 propostas, das quais 539 seguiram para a etapa nacional, culminando nas 100 prioridades aprovadas.<\/p>\n<p>A ministra Marina Silva encerrou o evento com uma mensagem de urg\u00eancia e compromisso: \u201cEstamos diante de uma responsabilidade que transcende o tempo, pois diz respeito \u00e0 vida das futuras gera\u00e7\u00f5es. Agora, \u00e9 implementar todas as propostas da Confer\u00eancia Nacional de Meio Ambiente. Voc\u00eas s\u00e3o verbos, vamos \u00e0 a\u00e7\u00e3o!\u201d<\/p>\n<p><strong>Fonte: Contraf-CUT<\/strong><\/p>\n","protected":false},"excerpt":{"rendered":"<p>A 5\u00aa Confer\u00eancia Nacional do Meio Ambiente (CNMA) foi encerrada nesta sexta-feira (9), em Bras\u00edlia (DF), com a aprova\u00e7\u00e3o de 100 propostas priorit\u00e1rias para enfrentar a emerg\u00eancia clim\u00e1tica no Brasil. O evento reuniu mais de tr\u00eas mil pessoas de todos os estados, eleitos em etapas municipais e estaduais realizadas nos \u00faltimos meses, retomando um processo [&hellip;]<\/p>\n","protected":false},"author":2,"featured_media":16372,"comment_status":"","ping_status":"","sticky":false,"template":"","format":"standard","meta":{"footnotes":""},"categories":[3],"tags":[],"class_list":["post-16373","post","type-post","status-publish","format-standard","has-post-thumbnail","hentry","category-noticias"],"_links":{"self":[{"href":"https:\/\/hostnetart.com.br\/baixada\/wp-json\/wp\/v2\/posts\/16373","targetHints":{"allow":["GET"]}}],"collection":[{"href":"https:\/\/hostnetart.com.br\/baixada\/wp-json\/wp\/v2\/posts"}],"about":[{"href":"https:\/\/hostnetart.com.br\/baixada\/wp-json\/wp\/v2\/types\/post"}],"author":[{"embeddable":true,"href":"https:\/\/hostnetart.com.br\/baixada\/wp-json\/wp\/v2\/users\/2"}],"replies":[{"embeddable":true,"href":"https:\/\/hostnetart.com.br\/baixada\/wp-json\/wp\/v2\/comments?post=16373"}],"version-history":[{"count":0,"href":"https:\/\/hostnetart.com.br\/baixada\/wp-json\/wp\/v2\/posts\/16373\/revisions"}],"wp:featuredmedia":[{"embeddable":true,"href":"https:\/\/hostnetart.com.br\/baixada\/wp-json\/wp\/v2\/media\/16372"}],"wp:attachment":[{"href":"https:\/\/hostnetart.com.br\/baixada\/wp-json\/wp\/v2\/media?parent=16373"}],"wp:term":[{"taxonomy":"category","embeddable":true,"href":"https:\/\/hostnetart.com.br\/baixada\/wp-json\/wp\/v2\/categories?post=16373"},{"taxonomy":"post_tag","embeddable":true,"href":"https:\/\/hostnetart.com.br\/baixada\/wp-json\/wp\/v2\/tags?post=16373"}],"curies":[{"name":"wp","href":"https:\/\/api.w.org\/{rel}","templated":true}]}}