{"id":1637,"date":"2013-10-23T00:00:00","date_gmt":"2013-10-23T02:00:00","guid":{"rendered":"https:\/\/hostnetart.com.br\/baixada\/apesar-do-lucro-de-r-9-bi-ate-setembro-bradesco-corta-1-975-empregos\/"},"modified":"2013-10-23T00:00:00","modified_gmt":"2013-10-23T02:00:00","slug":"apesar-do-lucro-de-r-9-bi-ate-setembro-bradesco-corta-1-975-empregos","status":"publish","type":"post","link":"https:\/\/hostnetart.com.br\/baixada\/apesar-do-lucro-de-r-9-bi-ate-setembro-bradesco-corta-1-975-empregos\/","title":{"rendered":"Apesar do lucro de R$ 9 bi at\u00e9 setembro, Bradesco corta 1.975 empregos"},"content":{"rendered":"<p>Mesmo com o estrondoso lucro l\u00edquido ajustado de R$ 9,003 bilh\u00f5es nos nove primeiros meses de 2013, o Bradesco fechou 1.975 empregos no mesmo per\u00edodo, andando na contram\u00e3o da economia brasileira que gerou 1.323.461 postos de trabalho.<\/p>\n<p>\u00a0<\/p>\n<p>O n\u00famero total de empregados da Holding em setembro de 2013 foi de 101.410, com fechamento de 2.690 vagas em rela\u00e7\u00e3o a setembro de 2012 (queda de 2,6% no quadro de funcion\u00e1rios).<\/p>\n<p>\u00a0<\/p>\n<p>Conforme an\u00e1lise do balan\u00e7o feita pela subse\u00e7\u00e3o Contraf-CUT do Dieese, o corte de 1.975 empregos em 2013 colaborou para que as despesas de pessoal crescessem apenas 6,1% em 12 meses e a cobertura dessas despesas pelas receitas de presta\u00e7\u00e3o de servi\u00e7os mais renda de tarifas aumentasse de 138,2% para 149,1%.<\/p>\n<p>\u00a0<\/p>\n<p>O lucro astron\u00f4mico apurado significou um crescimento de 4,6% com rela\u00e7\u00e3o ao mesmo per\u00edodo de 2012 (R$ 3,082 bilh\u00f5es no 3\u00ba trimestre, com alta de 3,5% em rela\u00e7\u00e3o ao trimestre anterior).<\/p>\n<p>\u00a0<\/p>\n<p>O retorno sobre o patrim\u00f4nio l\u00edquido m\u00e9dio foi de 18,4% (1,5 ponto percentual abaixo da rentabilidade em setembro de 2012 e 0,4 ponto percentual abaixo do retorno no 2\u00ba trimestre de 2013).<\/p>\n<p>\u00a0<\/p>\n<p>A carteira de cr\u00e9dito expandida cresceu 11,0% em doze meses, atingindo um montante de R$ 412,6 bilh\u00f5es (2,5% no trimestre). As opera\u00e7\u00f5es com pessoas f\u00edsicas cresceram 10,9%, em 12 meses, chegando a R$ 127,1 bilh\u00f5es.<\/p>\n<p>\u00a0<\/p>\n<p>J\u00e1 as opera\u00e7\u00f5es com pessoas jur\u00eddicas alcan\u00e7aram R$ 285,5 bilh\u00f5es, com eleva\u00e7\u00e3o de 11,0% comparado a setembro de 2012. O \u00cdndice de Inadimpl\u00eancia superior a 90 ficou em 3,6%, com quedas de 0,5 ponto percentual em rela\u00e7\u00e3o ao 3\u00ba trimestre de 2012 e 0,1 no trimestre.<\/p>\n<p>\u00a0<\/p>\n<p>Com a segunda queda consecutiva nas taxas de inadimpl\u00eancia, as despesas com provis\u00f5es para cr\u00e9ditos de liquida\u00e7\u00e3o duvidosa (PDD) atingiram um montante de R$ 10,3 bilh\u00f5es, com redu\u00e7\u00e3o de 1,5% em rela\u00e7\u00e3o a setembro de 2012 (-9,6% no trimestre).<\/p>\n<p>\u00a0<\/p>\n<p>A partir deste trimestre, os bancos passar\u00e3o a divulgar (anualmente) um relat\u00f3rio de gerenciamento de riscos, de modo a atender as exig\u00eancias do BC e do Acordo de Basileia.<\/p>\n<p>\u00a0<\/p>\n<p>O \u00cdndice de Basileia do banco em setembro de 2013 foi de 16,4% (0,4 ponto percentual maior do que em setembro de 2012) \u2013 o m\u00ednimo exigido no pa\u00eds \u00e9 de 11%.<\/p>\n<p>\u00a0<\/p>\n<p>Fonte: Contraf-CUT com Dieese<\/p>\n","protected":false},"excerpt":{"rendered":"<p>Mesmo com o estrondoso lucro l\u00edquido ajustado de R$ 9,003 bilh\u00f5es nos nove primeiros meses de 2013, o Bradesco fechou 1.975 empregos no mesmo per\u00edodo, andando na contram\u00e3o da economia brasileira que gerou 1.323.461 postos de trabalho. \u00a0 O n\u00famero total de empregados da Holding em setembro de 2013 foi de 101.410, com fechamento de [&hellip;]<\/p>\n","protected":false},"author":1,"featured_media":0,"comment_status":"","ping_status":"","sticky":false,"template":"","format":"standard","meta":{"footnotes":""},"categories":[3],"tags":[],"class_list":["post-1637","post","type-post","status-publish","format-standard","hentry","category-noticias"],"_links":{"self":[{"href":"https:\/\/hostnetart.com.br\/baixada\/wp-json\/wp\/v2\/posts\/1637","targetHints":{"allow":["GET"]}}],"collection":[{"href":"https:\/\/hostnetart.com.br\/baixada\/wp-json\/wp\/v2\/posts"}],"about":[{"href":"https:\/\/hostnetart.com.br\/baixada\/wp-json\/wp\/v2\/types\/post"}],"author":[{"embeddable":true,"href":"https:\/\/hostnetart.com.br\/baixada\/wp-json\/wp\/v2\/users\/1"}],"replies":[{"embeddable":true,"href":"https:\/\/hostnetart.com.br\/baixada\/wp-json\/wp\/v2\/comments?post=1637"}],"version-history":[{"count":0,"href":"https:\/\/hostnetart.com.br\/baixada\/wp-json\/wp\/v2\/posts\/1637\/revisions"}],"wp:attachment":[{"href":"https:\/\/hostnetart.com.br\/baixada\/wp-json\/wp\/v2\/media?parent=1637"}],"wp:term":[{"taxonomy":"category","embeddable":true,"href":"https:\/\/hostnetart.com.br\/baixada\/wp-json\/wp\/v2\/categories?post=1637"},{"taxonomy":"post_tag","embeddable":true,"href":"https:\/\/hostnetart.com.br\/baixada\/wp-json\/wp\/v2\/tags?post=1637"}],"curies":[{"name":"wp","href":"https:\/\/api.w.org\/{rel}","templated":true}]}}