{"id":16367,"date":"2025-05-09T12:59:09","date_gmt":"2025-05-09T15:59:09","guid":{"rendered":"https:\/\/hostnetart.com.br\/baixada\/banco-central-eleva-juros-e-reforca-aperto-economico-a-populacao\/"},"modified":"2025-05-09T12:59:09","modified_gmt":"2025-05-09T15:59:09","slug":"banco-central-eleva-juros-e-reforca-aperto-economico-a-populacao","status":"publish","type":"post","link":"https:\/\/hostnetart.com.br\/baixada\/banco-central-eleva-juros-e-reforca-aperto-economico-a-populacao\/","title":{"rendered":"Banco Central eleva juros e refor\u00e7a aperto econ\u00f4mico \u00e0 popula\u00e7\u00e3o"},"content":{"rendered":"<\/p>\n<p>Em decis\u00e3o un\u00e2nime, o\u00a0<a href=\"https:\/\/www.bcb.gov.br\/detalhenoticia\/20655\/nota\" target=\"_blank\" rel=\"noopener noreferrer\">Comit\u00ea de Pol\u00edtica Monet\u00e1ria (Copom) do Banco Central (BC) anunciou<\/a>, no in\u00edcio da noite desta quarta-feira (7), a <strong>eleva\u00e7\u00e3o taxa b\u00e1sica de juros do pa\u00eds (a chamada Selic) de 14,25% para 14,75% ao ano &#8211; um dos patamares mais restritivos dos \u00faltimos 20 anos<\/strong>. A decis\u00e3o, que refor\u00e7a o aperto monet\u00e1rio, \u00e9 questionada pelo movimento sindical banc\u00e1rio, que aponta que a medida n\u00e3o \u00e9 eficiente para controlar as ra\u00edzes principais do tipo de infla\u00e7\u00e3o hoje enfrentada no pa\u00eds.<\/p>\n<p>Os membros do Copom indicaram, como justificativa para a alta do juros, a press\u00e3o geopol\u00edtica, com destaque para a economia norte-americana e, no cen\u00e1rio interno, a press\u00e3o inflacion\u00e1ria, que, em relat\u00f3rios recentes do pr\u00f3prio BC, se devem \u00e0s altas dos alimentos e energia. &#8220;Mas, <strong>para enfrentar esse tipo de infla\u00e7\u00e3o (alimentos e pre\u00e7os) precisamos entender que esses aumentos n\u00e3o est\u00e3o ligados \u00e0 demanda, ou seja, \u00e0 maior procura das pessoas por alimentos<\/strong>&#8220;, explica o economista do Departamento Intersindical de Estat\u00edstica e Estudos Socioecon\u00f4micos (Dieese), Gustavo Cavarzan.<\/p>\n<p>Um trabalho dos pesquisadores do Instituto Brasileiro de Economia da Funda\u00e7\u00e3o Get\u00falio Vargas (FGV Ibre), Braulio Borges, Andr\u00e9 Braz e Francisco Pessoa Faria, aponta que o atual aumento expressivo nos alimentos, enfrentado n\u00e3o apenas no Brasil, est\u00e1 ligado ao mercado agr\u00edcola e \u00e0s mudan\u00e7as clim\u00e1ticas. Eles indicam ainda que <a href=\"https:\/\/www.portalaciara.com\/18\/03\/2025\/preco-dos-alimentos-subiu-162-nos-ultimos-12-anos-e-a-tendencia-de-alta-deve-continuar\/\" target=\"_blank\" rel=\"noopener noreferrer\">n\u00e3o h\u00e1 perspectiva de que a tend\u00eancia de infla\u00e7\u00e3o termine no curto prazo<\/a>.\u00a0A quest\u00e3o ambiental tamb\u00e9m est\u00e1 por tr\u00e1s da alta nos pre\u00e7os da energia, como<a href=\"https:\/\/www.brasildefato.com.br\/2025\/05\/05\/contas-de-luz-mais-caras-estamos-depredando-o-que-garante-chuva-no-brasil-alerta-especialista\/\" target=\"_blank\" rel=\"noopener noreferrer\"> corrobora a Ag\u00eancia Nacional de Energia El\u00e9trica (Aneel)<\/a>.<\/p>\n<p>&#8220;<strong>A Selic \u00e9 eficiente para controlar infla\u00e7\u00e3o relacionada ao aumento da demanda, ou seja, aumento do consumo. Para a quest\u00e3o dos alimentos enfrentada hoje, o mais assertivo seria a recomposi\u00e7\u00e3o dos estoques reguladores de alimentos, como o governo federal tem procurado fazer. J\u00e1 em rela\u00e7\u00e3o \u00e0 energia, a sa\u00edda mais adequada est\u00e1 no combate ao desmatamento e pol\u00edticas de transi\u00e7\u00e3o energ\u00e9tica<\/strong>&#8220;, completou Cavarzan.<\/p>\n<h2>Fim do ciclo de aperto?<\/h2>\n<p>A alta da Selic confirmada hoje \u00e9 a sexta eleva\u00e7\u00e3o consecutiva iniciada pelo Banco Central em setembro do ano passado, quando o \u00edndice passou de 10,5% para 10,75%. Nas reuni\u00f5es seguintes, houve um aumento de 0,5 ponto e tr\u00eas seguidos de 1 ponto percentual, at\u00e9 chegar em 14,25%, em mar\u00e7o deste ano.<\/p>\n<p>A indica\u00e7\u00e3o mais recente, do mercado, \u00e9 que o ciclo de aperto econ\u00f4mico chegou ao fim, mas ainda n\u00e3o h\u00e1 defini\u00e7\u00f5es se a Selic ser\u00e1 mantida ou se haver\u00e1 o in\u00edcio da queda nos pr\u00f3ximos encontros, que ocorrem a cada 45 dias.<strong> No texto sobre a decis\u00e3o de hoje, o Copom disse que segue com cautela e n\u00e3o indicou se ir\u00e1 alterar ou n\u00e3o o ciclo<\/strong>.<\/p>\n<p>&#8220;O brasileiro j\u00e1 convive com uma taxa b\u00e1sica de juros proibitiva para o desenvolvimento econ\u00f4mico e que aumenta o custo de vida, o endividamento das fam\u00edlias, das empresas e os gastos do governo federal. Gabriel Gal\u00edpolo, atual presidente do BC, e os demais membros do Copom n\u00e3o foram indicados pra manter os interesses do mercado financeiro, mas sim ps interesses da popula\u00e7\u00e3o. Por isso, n\u00f3s <strong>exigimos que o Banco Central cumpra o papel de fazer uma pol\u00edtica econ\u00f4mica para a popula\u00e7\u00e3o e n\u00e3o para o mercado financeiro, o \u00fanico que se beneficia com a especula\u00e7\u00e3o da Selic<\/strong>&#8220;, critica a presidenta da Confedera\u00e7\u00e3o Nacional dos Trabalhadores e das Trabalhadoras do Ramo Financeiro (Contraf-CUT) e vice-presidenta da Central \u00danica dos Trabalhadores (CUT), Juvandia Moreira.<\/p>\n<p>Por meio da imprensa e do boletim Focus, que \u00e9 produzido somente escutando o mercado financeiro e n\u00e3o a popula\u00e7\u00e3o, o Banco Central orienta sua pol\u00edtica monet\u00e1ria, incluindo o n\u00edvel da Selic.<\/p>\n<p>\u201cComo esse \u00edndice \u00e9 a base para a defini\u00e7\u00e3o de outras taxas da economia brasileira, incluindo a dos bancos, a manuten\u00e7\u00e3o elevad\u00edssima impacta negativamente o desenvolvimento do pa\u00eds\u201d, explica o secret\u00e1rio de Assuntos Socioecon\u00f4micos da Contraf-CUT, Walcir Previtale. &#8220;<strong>Por mais que o governo federal, trabalhadores e o setor produtivo se esforcem, dia ap\u00f3s dia, para fazer o pa\u00eds crescer, quando o Banco Central decide, por meio do Copom, manter uma taxa b\u00e1sica de juros t\u00e3o alta, torna o custo do dinheiro, portanto dos empr\u00e9stimos e investimentos, mais caro. Isso dificulta toda a economia, que n\u00e3o expande como poderia expandir, caso o cr\u00e9dito fosse mais barato<\/strong>&#8220;, conclui.<\/p>\n<p><strong>Fonte: Contraf-CUT<\/strong><\/p>\n","protected":false},"excerpt":{"rendered":"<p>Em decis\u00e3o un\u00e2nime, o\u00a0Comit\u00ea de Pol\u00edtica Monet\u00e1ria (Copom) do Banco Central (BC) anunciou, no in\u00edcio da noite desta quarta-feira (7), a eleva\u00e7\u00e3o taxa b\u00e1sica de juros do pa\u00eds (a chamada Selic) de 14,25% para 14,75% ao ano &#8211; um dos patamares mais restritivos dos \u00faltimos 20 anos. A decis\u00e3o, que refor\u00e7a o aperto monet\u00e1rio, \u00e9 [&hellip;]<\/p>\n","protected":false},"author":2,"featured_media":16366,"comment_status":"","ping_status":"","sticky":false,"template":"","format":"standard","meta":{"footnotes":""},"categories":[3],"tags":[],"class_list":["post-16367","post","type-post","status-publish","format-standard","has-post-thumbnail","hentry","category-noticias"],"_links":{"self":[{"href":"https:\/\/hostnetart.com.br\/baixada\/wp-json\/wp\/v2\/posts\/16367","targetHints":{"allow":["GET"]}}],"collection":[{"href":"https:\/\/hostnetart.com.br\/baixada\/wp-json\/wp\/v2\/posts"}],"about":[{"href":"https:\/\/hostnetart.com.br\/baixada\/wp-json\/wp\/v2\/types\/post"}],"author":[{"embeddable":true,"href":"https:\/\/hostnetart.com.br\/baixada\/wp-json\/wp\/v2\/users\/2"}],"replies":[{"embeddable":true,"href":"https:\/\/hostnetart.com.br\/baixada\/wp-json\/wp\/v2\/comments?post=16367"}],"version-history":[{"count":0,"href":"https:\/\/hostnetart.com.br\/baixada\/wp-json\/wp\/v2\/posts\/16367\/revisions"}],"wp:featuredmedia":[{"embeddable":true,"href":"https:\/\/hostnetart.com.br\/baixada\/wp-json\/wp\/v2\/media\/16366"}],"wp:attachment":[{"href":"https:\/\/hostnetart.com.br\/baixada\/wp-json\/wp\/v2\/media?parent=16367"}],"wp:term":[{"taxonomy":"category","embeddable":true,"href":"https:\/\/hostnetart.com.br\/baixada\/wp-json\/wp\/v2\/categories?post=16367"},{"taxonomy":"post_tag","embeddable":true,"href":"https:\/\/hostnetart.com.br\/baixada\/wp-json\/wp\/v2\/tags?post=16367"}],"curies":[{"name":"wp","href":"https:\/\/api.w.org\/{rel}","templated":true}]}}