{"id":16361,"date":"2025-05-06T19:56:55","date_gmt":"2025-05-06T22:56:55","guid":{"rendered":"https:\/\/hostnetart.com.br\/baixada\/5-cnma-comeca-hoje-com-base-em-caderno-de-propostas-construido-pela-sociedade-civil\/"},"modified":"2025-05-06T19:56:55","modified_gmt":"2025-05-06T22:56:55","slug":"5-cnma-comeca-hoje-com-base-em-caderno-de-propostas-construido-pela-sociedade-civil","status":"publish","type":"post","link":"https:\/\/hostnetart.com.br\/baixada\/5-cnma-comeca-hoje-com-base-em-caderno-de-propostas-construido-pela-sociedade-civil\/","title":{"rendered":"5\u00aa CNMA come\u00e7a hoje com base em caderno de propostas constru\u00eddo pela sociedade civil"},"content":{"rendered":"<p>Come\u00e7a nesta ter\u00e7a-feira (6), em Bras\u00edlia (DF), a etapa nacional da 5\u00aa Confer\u00eancia Nacional do Meio Ambiente (5\u00aa CNMA), reunindo delegados, convidados e observadores de todas as regi\u00f5es do pa\u00eds. At\u00e9 sexta-feira (9), os participantes ir\u00e3o analisar e deliberar sobre 100 propostas priorit\u00e1rias para a constru\u00e7\u00e3o de pol\u00edticas p\u00fablicas ambientais no Brasil.<\/p>\n<p>Fruto de um processo participativo que envolveu confer\u00eancias estaduais, distrital e livres ao longo de quase um ano, a 5\u00aa CNMA chega \u00e0 sua fase final com o lan\u00e7amento do Caderno de Propostas, um verdadeiro retrato da mobiliza\u00e7\u00e3o da sociedade civil em torno de temas centrais para o futuro do planeta e da popula\u00e7\u00e3o brasileira.<\/p>\n<p>O documento, que tamb\u00e9m pode ser entendido como uma cartilha de refer\u00eancia para os debates, foi elaborado a partir da sistematiza\u00e7\u00e3o de 540 propostas das Confer\u00eancias Estaduais e Distrital e 2.096 propostas das Confer\u00eancias Livres, com curadoria t\u00e9cnica do Centro de Desenvolvimento Sustent\u00e1vel da Universidade de Bras\u00edlia (UnB). A produ\u00e7\u00e3o do material buscou respeitar a diversidade de vis\u00f5es e experi\u00eancias, promovendo uma leitura nacional do que foi constru\u00eddo nas etapas locais.<\/p>\n<p>Organizado em cinco eixos tem\u00e1ticos \u2014 Mitiga\u00e7\u00e3o; Adapta\u00e7\u00e3o e Prepara\u00e7\u00e3o para Desastres; Transforma\u00e7\u00e3o Ecol\u00f3gica; Justi\u00e7a Clim\u00e1tica; e Governan\u00e7a e Educa\u00e7\u00e3o Ambiental \u2014, o Caderno re\u00fane gr\u00e1ficos, dados e an\u00e1lises que contextualizam os desafios e propostas debatidos pela sociedade.<\/p>\n<p>Para Elaine Cutis, secret\u00e1ria de Pol\u00edticas Sociais da Contraf-CUT, a confer\u00eancia \u00e9 uma oportunidade fundamental para dar voz \u00e0 classe trabalhadora nas decis\u00f5es sobre o meio ambiente. \u201cA constru\u00e7\u00e3o coletiva que resultou nesse caderno demonstra o quanto a sociedade est\u00e1 engajada e disposta a buscar solu\u00e7\u00f5es para a crise clim\u00e1tica. N\u00f3s, da Contraf-CUT, entendemos que justi\u00e7a ambiental e justi\u00e7a social caminham juntas, e \u00e9 essencial que o mundo do trabalho esteja presente nesses debates, apontando caminhos para uma transi\u00e7\u00e3o justa e inclusiva\u201d, afirma Elaine.<\/p>\n<p>A expectativa \u00e9 que, ao final da 5\u00aa CNMA, as 100 propostas escolhidas sirvam como base para a formula\u00e7\u00e3o de pol\u00edticas p\u00fablicas e a\u00e7\u00f5es concretas que enfrentem os impactos das mudan\u00e7as clim\u00e1ticas, promovam a sustentabilidade e ampliem a participa\u00e7\u00e3o popular nas decis\u00f5es ambientais.<\/p>\n<p><strong>Fonte: Contraf-CUT<\/strong><\/p>\n","protected":false},"excerpt":{"rendered":"<p>Come\u00e7a nesta ter\u00e7a-feira (6), em Bras\u00edlia (DF), a etapa nacional da 5\u00aa Confer\u00eancia Nacional do Meio Ambiente (5\u00aa CNMA), reunindo delegados, convidados e observadores de todas as regi\u00f5es do pa\u00eds. At\u00e9 sexta-feira (9), os participantes ir\u00e3o analisar e deliberar sobre 100 propostas priorit\u00e1rias para a constru\u00e7\u00e3o de pol\u00edticas p\u00fablicas ambientais no Brasil. Fruto de um [&hellip;]<\/p>\n","protected":false},"author":2,"featured_media":16360,"comment_status":"","ping_status":"","sticky":false,"template":"","format":"standard","meta":{"footnotes":""},"categories":[3],"tags":[],"class_list":["post-16361","post","type-post","status-publish","format-standard","has-post-thumbnail","hentry","category-noticias"],"_links":{"self":[{"href":"https:\/\/hostnetart.com.br\/baixada\/wp-json\/wp\/v2\/posts\/16361","targetHints":{"allow":["GET"]}}],"collection":[{"href":"https:\/\/hostnetart.com.br\/baixada\/wp-json\/wp\/v2\/posts"}],"about":[{"href":"https:\/\/hostnetart.com.br\/baixada\/wp-json\/wp\/v2\/types\/post"}],"author":[{"embeddable":true,"href":"https:\/\/hostnetart.com.br\/baixada\/wp-json\/wp\/v2\/users\/2"}],"replies":[{"embeddable":true,"href":"https:\/\/hostnetart.com.br\/baixada\/wp-json\/wp\/v2\/comments?post=16361"}],"version-history":[{"count":0,"href":"https:\/\/hostnetart.com.br\/baixada\/wp-json\/wp\/v2\/posts\/16361\/revisions"}],"wp:featuredmedia":[{"embeddable":true,"href":"https:\/\/hostnetart.com.br\/baixada\/wp-json\/wp\/v2\/media\/16360"}],"wp:attachment":[{"href":"https:\/\/hostnetart.com.br\/baixada\/wp-json\/wp\/v2\/media?parent=16361"}],"wp:term":[{"taxonomy":"category","embeddable":true,"href":"https:\/\/hostnetart.com.br\/baixada\/wp-json\/wp\/v2\/categories?post=16361"},{"taxonomy":"post_tag","embeddable":true,"href":"https:\/\/hostnetart.com.br\/baixada\/wp-json\/wp\/v2\/tags?post=16361"}],"curies":[{"name":"wp","href":"https:\/\/api.w.org\/{rel}","templated":true}]}}