{"id":16359,"date":"2025-05-06T19:15:01","date_gmt":"2025-05-06T22:15:01","guid":{"rendered":"https:\/\/hostnetart.com.br\/baixada\/plano-juventude-negra-viva-avanca-com-apoio-da-contraf-cut-em-reuniao-no-palacio-do-planalto\/"},"modified":"2025-05-06T19:15:01","modified_gmt":"2025-05-06T22:15:01","slug":"plano-juventude-negra-viva-avanca-com-apoio-da-contraf-cut-em-reuniao-no-palacio-do-planalto","status":"publish","type":"post","link":"https:\/\/hostnetart.com.br\/baixada\/plano-juventude-negra-viva-avanca-com-apoio-da-contraf-cut-em-reuniao-no-palacio-do-planalto\/","title":{"rendered":"Plano Juventude Negra Viva avan\u00e7a com apoio da Contraf-CUT em reuni\u00e3o no Pal\u00e1cio do Planalto"},"content":{"rendered":"<p>Nos dias 28 e 29 de abril, o Pal\u00e1cio do Planalto, em Bras\u00edlia, sediou a 4\u00aa Reuni\u00e3o Ordin\u00e1ria do Comit\u00ea Gestor do Plano Juventude Negra Viva (PJNV), convocada pelo Minist\u00e9rio da Igualdade Racial e pela Secretaria-Geral da Presid\u00eancia da Rep\u00fablica, por meio da Secretaria da Juventude. O encontro reuniu representantes de diversos minist\u00e9rios, movimentos sociais e entidades da sociedade civil comprometidas com o enfrentamento da viol\u00eancia e das desigualdades que atingem a juventude negra no Brasil.<\/p>\n<h2>Uma luta hist\u00f3rica do movimento negro<\/h2>\n<p>O Plano Juventude Negra Viva \u00e9 fruto de uma reivindica\u00e7\u00e3o hist\u00f3rica do movimento negro e tem como principal objetivo conter o exterm\u00ednio da juventude negra \u2014 segmento mais atingido por a\u00e7\u00f5es violentas da pol\u00edcia em favelas e comunidades pobres do pa\u00eds.<\/p>\n<p>&#8220;A\u00e7\u00f5es da pol\u00edcia em nosso pa\u00eds matam um negro a cada quatro horas em nove estados brasileiros. No Rio de Janeiro, cerca de 86% das v\u00edtimas fatais em interven\u00e7\u00f5es policiais s\u00e3o negros. As estat\u00edsticas mostram o volume de mortes dessa popula\u00e7\u00e3o, e o Plano chegou com o objetivo de envolver os estados e munic\u00edpios para conter essa viol\u00eancia de cunho racial, como tamb\u00e9m criar pol\u00edticas p\u00fablicas de educa\u00e7\u00e3o, esporte, cultura e gera\u00e7\u00e3o de empregos para a juventude negra&#8221;, explicou Almir Aguiar, Secret\u00e1rio de Combate ao Racismo da Contraf-CUT e representante da CUT no Comit\u00ea Gestor do PJNV.<\/p>\n<h2>Combate \u00e0 viol\u00eancia e ao racismo estrutural<\/h2>\n<p>O Plano busca reduzir a viol\u00eancia letal e as vulnerabilidades sociais enfrentadas por jovens negros e negras, al\u00e9m de combater o racismo estrutural enraizado na sociedade brasileira. Ao todo, 16 minist\u00e9rios est\u00e3o envolvidos na elabora\u00e7\u00e3o e execu\u00e7\u00e3o das a\u00e7\u00f5es previstas.<\/p>\n<p>A reuni\u00e3o contou com a presen\u00e7a da ministra da Igualdade Racial, Anielle Franco, e do ministro da Secretaria-Geral da Presid\u00eancia da Rep\u00fablica, M\u00e1rcio Mac\u00eado.<\/p>\n<h2>Encaminhamentos estrat\u00e9gicos<\/h2>\n<p>Durante o encontro, foram definidos encaminhamentos importantes para o fortalecimento do Plano, entre eles:<\/p>\n<ul>\n<li>Cria\u00e7\u00e3o de um Laborat\u00f3rio do PJNV, para aprimorar o monitoramento, a comunica\u00e7\u00e3o e a articula\u00e7\u00e3o territorial do projeto;<\/li>\n<li>Realiza\u00e7\u00e3o de um semin\u00e1rio nacional sobre comunica\u00e7\u00e3o estrat\u00e9gica;<\/li>\n<li>Aprova\u00e7\u00e3o de crit\u00e9rios para prioriza\u00e7\u00e3o de munic\u00edpios com base em indicadores de vulnerabilidade social e acesso a pol\u00edticas p\u00fablicas;<\/li>\n<li>Inclus\u00e3o dos programas AfirmaSUS e Jovens Defensores Populares como a\u00e7\u00f5es priorit\u00e1rias do Plano.<\/li>\n<li>Compromisso com transforma\u00e7\u00e3o social<\/li>\n<\/ul>\n<p>&#8220;O Governo Lula segue comprometido com o enfrentamento das desigualdades raciais e da viol\u00eancia que atinge, em especial, a juventude negra das favelas e periferias. Ser\u00e1 fundamental envolver a ades\u00e3o de estados, munic\u00edpios e entidades da sociedade civil ao Plano, para que estas pol\u00edticas p\u00fablicas cheguem a essa juventude com a\u00e7\u00f5es concretas que promovam a transforma\u00e7\u00e3o social, com novas oportunidades para esta parcela exclu\u00edda da sociedade&#8221;, concluiu Almir Aguiar.<\/p>\n<p><strong>Fonte: Contraf-CUT<\/strong><\/p>\n","protected":false},"excerpt":{"rendered":"<p>Nos dias 28 e 29 de abril, o Pal\u00e1cio do Planalto, em Bras\u00edlia, sediou a 4\u00aa Reuni\u00e3o Ordin\u00e1ria do Comit\u00ea Gestor do Plano Juventude Negra Viva (PJNV), convocada pelo Minist\u00e9rio da Igualdade Racial e pela Secretaria-Geral da Presid\u00eancia da Rep\u00fablica, por meio da Secretaria da Juventude. O encontro reuniu representantes de diversos minist\u00e9rios, movimentos sociais [&hellip;]<\/p>\n","protected":false},"author":2,"featured_media":16358,"comment_status":"","ping_status":"","sticky":false,"template":"","format":"standard","meta":{"footnotes":""},"categories":[3],"tags":[],"class_list":["post-16359","post","type-post","status-publish","format-standard","has-post-thumbnail","hentry","category-noticias"],"_links":{"self":[{"href":"https:\/\/hostnetart.com.br\/baixada\/wp-json\/wp\/v2\/posts\/16359","targetHints":{"allow":["GET"]}}],"collection":[{"href":"https:\/\/hostnetart.com.br\/baixada\/wp-json\/wp\/v2\/posts"}],"about":[{"href":"https:\/\/hostnetart.com.br\/baixada\/wp-json\/wp\/v2\/types\/post"}],"author":[{"embeddable":true,"href":"https:\/\/hostnetart.com.br\/baixada\/wp-json\/wp\/v2\/users\/2"}],"replies":[{"embeddable":true,"href":"https:\/\/hostnetart.com.br\/baixada\/wp-json\/wp\/v2\/comments?post=16359"}],"version-history":[{"count":0,"href":"https:\/\/hostnetart.com.br\/baixada\/wp-json\/wp\/v2\/posts\/16359\/revisions"}],"wp:featuredmedia":[{"embeddable":true,"href":"https:\/\/hostnetart.com.br\/baixada\/wp-json\/wp\/v2\/media\/16358"}],"wp:attachment":[{"href":"https:\/\/hostnetart.com.br\/baixada\/wp-json\/wp\/v2\/media?parent=16359"}],"wp:term":[{"taxonomy":"category","embeddable":true,"href":"https:\/\/hostnetart.com.br\/baixada\/wp-json\/wp\/v2\/categories?post=16359"},{"taxonomy":"post_tag","embeddable":true,"href":"https:\/\/hostnetart.com.br\/baixada\/wp-json\/wp\/v2\/tags?post=16359"}],"curies":[{"name":"wp","href":"https:\/\/api.w.org\/{rel}","templated":true}]}}