{"id":16349,"date":"2025-05-05T15:16:23","date_gmt":"2025-05-05T18:16:23","guid":{"rendered":"https:\/\/hostnetart.com.br\/baixada\/cee-caixa-inicia-debate-sobre-calendario-para-o-40-conecef\/"},"modified":"2025-05-05T15:16:23","modified_gmt":"2025-05-05T18:16:23","slug":"cee-caixa-inicia-debate-sobre-calendario-para-o-40-conecef","status":"publish","type":"post","link":"https:\/\/hostnetart.com.br\/baixada\/cee-caixa-inicia-debate-sobre-calendario-para-o-40-conecef\/","title":{"rendered":"CEE\/Caixa inicia debate sobre calend\u00e1rio para o 40\u00ba Conecef"},"content":{"rendered":"<p>O 40\u00ba Congresso Nacional dos Empregados da Caixa Econ\u00f4mica Federal (Conecef) j\u00e1 tem data para acontecer. Ser\u00e1 nos dias 21 e 22 de agosto, em S\u00e3o Paulo (SP), conforme decis\u00e3o do Comando Nacional dos Banc\u00e1rios e da Comiss\u00e3o Executiva dos Empregados (CEE) da Caixa, em reuni\u00e3o realizada, em Bras\u00edlia (DF), na quarta-feira (30), um dia depois da Marcha da Classe Trabalhadora.<\/p>\n<p>Os debates no 40\u00ba Conecef ser\u00e3o feitos por quatro grupos tem\u00e1ticos. Os eixos propostos s\u00e3o Sa\u00fade Caixa, condi\u00e7\u00f5es de trabalho e futuro da carreira, Funcef e defesa da Caixa. A organiza\u00e7\u00e3o do movimento ser\u00e1 debatida em comum por todos os grupos. O evento vai reunir delegados de todo o Brasil, entre empregados da ativa e aposentados.<\/p>\n<p>As datas para os congressos ou f\u00f3runs estaduais que v\u00e3o definir as propostas para o 40\u00ba Conecef ser\u00e3o definidas oportunamente pelo Comando Nacional dos Banc\u00e1rios, com assessoria da CEE\/Caixa. Tamb\u00e9m, em breve, haver\u00e1 a defini\u00e7\u00e3o sobre os crit\u00e9rios de participa\u00e7\u00e3o de delegados. Os aposentados t\u00eam presen\u00e7a garantida na mesma propor\u00e7\u00e3o dos ativos, assegurando-se um m\u00ednimo de um por estado.<\/p>\n<p>Os integrantes da CEE\/Caixa, um por federa\u00e7\u00e3o e um representante da Confedera\u00e7\u00e3o Nacional dos Trabalhadores do Ramo Financeiro (Contraf\/CUT), participam do congresso na condi\u00e7\u00e3o de delegados natos.<\/p>\n<p>Os f\u00f3runs preparat\u00f3rios s\u00e3o de car\u00e1ter regional ou estadual. A delega\u00e7\u00e3o do 40\u00ba Conecef fica limitada a 50% do n\u00famero de participantes no encontro preparat\u00f3rio. A paridade de g\u00eanero \u00e9 obrigat\u00f3ria.<\/p>\n<h2><strong>Proposta de programa\u00e7\u00e3o para o 40\u00ba Conecef<\/strong><\/h2>\n<p><strong>21 DE AGOSTO \u2013 QUINTA-FEIRA<\/strong><br \/>&#8211; Regimento.<br \/>&#8211; Grupos tem\u00e1ticos: Sa\u00fade Caixa, condi\u00e7\u00f5es de trabalho e futuro da carreira, Funcef e defesa da Caixa. O tema da organiza\u00e7\u00e3o do movimento ser\u00e1 comum a todos os quatro grupos.\u00a0<br \/>&#8211; Abertura conjunta dos congressos dos bancos p\u00fablicos federais.<\/p>\n<p><strong>22 DE AGOSTO \u2013 SEXTA-FEIRA<\/strong><br \/>&#8211; Defesa de teses e debates sobre as quest\u00f5es dos grupos tem\u00e1ticos.<br \/>&#8211; Plen\u00e1ria final.\u00a0<br \/>&#8211; Abertura da Confer\u00eancia Nacional dos Banc\u00e1rios.<\/p>\n<h2><strong>Mudan\u00e7a na coordena\u00e7\u00e3o e aposentados<\/strong><\/h2>\n<p>Na reuni\u00e3o de Bras\u00edlia, agendada para tratar da organiza\u00e7\u00e3o do 40\u00ba Conecef, houve o an\u00fancio de mudan\u00e7a na coordena\u00e7\u00e3o da Comiss\u00e3o Executiva dos Empregados. O diretor da Contraf-CUT e da Fenae, Rafael de Castro, deixa o cargo e ser\u00e1 substitu\u00eddo por Felipe de Albuquerque Pacheco, da Federa\u00e7\u00e3o dos Trabalhadores em Empresas de Cr\u00e9dito do Estado do Paran\u00e1 (Fetec-CUT\/PR).<\/p>\n<p>O encontro contou ainda com a participa\u00e7\u00e3o de Valfrido Oliveira, presidente da Federa\u00e7\u00e3o Nacional das Associa\u00e7\u00f5es de Aposentados e Pensionistas da Caixa (Fenacef). Busca-se, assim, ampliar a parceria com os aposentados, de modo a reafirmar a import\u00e2ncia das pol\u00edticas participativas para a defesa da Caixa p\u00fablica\/social e para o respeito aos direitos dos empregados.\u00a0<\/p>\n<h2><strong>Novos debates<\/strong><\/h2>\n<p>Para fortalecer o debate em prepara\u00e7\u00e3o ao 40\u00ba Conecef, a CEE\/Caixa ir\u00e1 participar, no pr\u00f3ximo dia 7 de maio, em S\u00e3o Paulo, na sede da Contraf-CUT, de uma reuni\u00e3o das Comiss\u00f5es de Organiza\u00e7\u00e3o dos Empregados (COEs) de bancos p\u00fablicos e privados, no \u00e2mbito do Comando Nacional dos Banc\u00e1rios. Nesse encontro, ser\u00e3o tra\u00e7adas estrat\u00e9gias para o pr\u00f3ximo per\u00edodo.<\/p>\n<p><strong>Texto:<\/strong>\u00a0<a href=\"https:\/\/www.fenae.org.br\/portal\/fenae-portal\/cee-caixa-inicia-debate-sobre-calendario-para-o-40-conecef.htm\" target=\"_blank\" rel=\"noopener noreferrer\">Fenae<\/a><\/p>\n","protected":false},"excerpt":{"rendered":"<p>O 40\u00ba Congresso Nacional dos Empregados da Caixa Econ\u00f4mica Federal (Conecef) j\u00e1 tem data para acontecer. Ser\u00e1 nos dias 21 e 22 de agosto, em S\u00e3o Paulo (SP), conforme decis\u00e3o do Comando Nacional dos Banc\u00e1rios e da Comiss\u00e3o Executiva dos Empregados (CEE) da Caixa, em reuni\u00e3o realizada, em Bras\u00edlia (DF), na quarta-feira (30), um dia [&hellip;]<\/p>\n","protected":false},"author":2,"featured_media":16348,"comment_status":"","ping_status":"","sticky":false,"template":"","format":"standard","meta":{"footnotes":""},"categories":[3],"tags":[],"class_list":["post-16349","post","type-post","status-publish","format-standard","has-post-thumbnail","hentry","category-noticias"],"_links":{"self":[{"href":"https:\/\/hostnetart.com.br\/baixada\/wp-json\/wp\/v2\/posts\/16349","targetHints":{"allow":["GET"]}}],"collection":[{"href":"https:\/\/hostnetart.com.br\/baixada\/wp-json\/wp\/v2\/posts"}],"about":[{"href":"https:\/\/hostnetart.com.br\/baixada\/wp-json\/wp\/v2\/types\/post"}],"author":[{"embeddable":true,"href":"https:\/\/hostnetart.com.br\/baixada\/wp-json\/wp\/v2\/users\/2"}],"replies":[{"embeddable":true,"href":"https:\/\/hostnetart.com.br\/baixada\/wp-json\/wp\/v2\/comments?post=16349"}],"version-history":[{"count":0,"href":"https:\/\/hostnetart.com.br\/baixada\/wp-json\/wp\/v2\/posts\/16349\/revisions"}],"wp:featuredmedia":[{"embeddable":true,"href":"https:\/\/hostnetart.com.br\/baixada\/wp-json\/wp\/v2\/media\/16348"}],"wp:attachment":[{"href":"https:\/\/hostnetart.com.br\/baixada\/wp-json\/wp\/v2\/media?parent=16349"}],"wp:term":[{"taxonomy":"category","embeddable":true,"href":"https:\/\/hostnetart.com.br\/baixada\/wp-json\/wp\/v2\/categories?post=16349"},{"taxonomy":"post_tag","embeddable":true,"href":"https:\/\/hostnetart.com.br\/baixada\/wp-json\/wp\/v2\/tags?post=16349"}],"curies":[{"name":"wp","href":"https:\/\/api.w.org\/{rel}","templated":true}]}}