{"id":16347,"date":"2025-05-05T15:11:19","date_gmt":"2025-05-05T18:11:19","guid":{"rendered":"https:\/\/hostnetart.com.br\/baixada\/prorrogadas-mudancas-do-programa-teia-da-caixa-para-30-de-maio\/"},"modified":"2025-05-05T15:11:19","modified_gmt":"2025-05-05T18:11:19","slug":"prorrogadas-mudancas-do-programa-teia-da-caixa-para-30-de-maio","status":"publish","type":"post","link":"https:\/\/hostnetart.com.br\/baixada\/prorrogadas-mudancas-do-programa-teia-da-caixa-para-30-de-maio\/","title":{"rendered":"Prorrogadas mudan\u00e7as do programa Teia, da Caixa, para 30 de maio"},"content":{"rendered":"<p>A Caixa informou \u00e0 Contraf-CUT, nesta sexta-feira (2), que vai prorrogar para o dia 30 de maio a defini\u00e7\u00e3o sobre a implementa\u00e7\u00e3o de mudan\u00e7as no programa Transforma\u00e7\u00e3o, Engajamento, Inova\u00e7\u00e3o e Aprendizado (Teia), criado para conduzir a Caixa \u00e0 transforma\u00e7\u00e3o digital. A decis\u00e3o veio ap\u00f3s interven\u00e7\u00e3o da Comiss\u00e3o Executiva dos Empregados (CEE), que assessora a Contraf-CUT e o Comando Nacional dos Banc\u00e1rios nas negocia\u00e7\u00f5es com o banco.<\/p>\n<p><strong>Leia tamb\u00e9m:<\/strong><\/p>\n<p><strong>&gt;&gt;&gt;&gt;&gt;<\/strong>\u00a0<a href=\"https:\/\/contrafcut.com.br\/noticias\/projeto-teia-suspenso-prazo-de-implementacao-das-mudancas\/\" target=\"_blank\" rel=\"noopener noreferrer\">Projeto Teia: Suspenso prazo de implementa\u00e7\u00e3o das mudan\u00e7as<\/a><\/p>\n<p>\u201cA primeira coisa que precisamos deixar claro, \u00e9 que, apesar de termos algumas cr\u00edticas, acreditamos na necessidade do programa. Quando a Caixa o implementou, n\u00e3o falou com a gente. Agora, queria fazer mudan\u00e7as, novamente sem falar conosco. E temos diversas sugest\u00f5es a apresentar, que nos s\u00e3o trazidas por quem est\u00e1 no dia a dia dos trabalhos deste projeto\u201d, disse o diretor da Contraf-CUT e membro da CEE\/Caixa, Rafael de Castro. \u201cPor isso, insistimos na necessidade de a gente fazer parte deste processo de discuss\u00e3o pr\u00e9via \u00e0 implementa\u00e7\u00e3o das mudan\u00e7as\u201d, completou.<\/p>\n<p>O banco j\u00e1 havia se comprometido a adiar o in\u00edcio da implementa\u00e7\u00e3o do programa, sem, no entanto, informar at\u00e9 quando. Agora a defini\u00e7\u00e3o \u00e9 que estar\u00e1 prorrogado at\u00e9, pelo menos, 30 de maio.<\/p>\n<p>Os vice-presidentes de Varejo e de Pessoas da Caixa, Adriano Assis Matias e Francisco Egidio Pel\u00facio Martins, respectivamente, tamb\u00e9m haviam assumido que n\u00e3o haver\u00e1 retalia\u00e7\u00f5es com quem optar por voltar para as unidades de origem.<\/p>\n<p>A representa\u00e7\u00e3o dos empregados cobrou que n\u00e3o apenas os gestores, mas o banco tamb\u00e9m se comprometesse com a n\u00e3o retalia\u00e7\u00e3o. \u201c\u00c9 importante que os gestores tenham assumido esse compromisso, mas amanh\u00e3 eles podem n\u00e3o estar mais no banco. \u00c9 preciso que a Caixa assuma de forma clara essa decis\u00e3o\u201d, cobrou o coordenador da CEE na reuni\u00e3o realizada com os dirigentes da Caixa.<\/p>\n<h2><strong>Transpar\u00eancia<\/strong><\/h2>\n<p>O diretor da Contraf-CUT ressaltou, ainda, a import\u00e2ncia de o banco informar com transpar\u00eancia e clareza os objetivos e o andamento do programa para todo o banco. \u201cTodos precisam enxergar o que \u00e9 esse programa, o que as pessoas que foram destacadas para cumprir as tarefas realizam, em que p\u00e9 est\u00e3o os processos e os projetos. Isso vai ajudar que todos tenham a clareza da real necessidade e vai impedir, inclusive, de aqueles que voltarem para suas unidades sejam retaliados por quem teve que assumir as tarefas de quem ficou esse tempo destacado\u201d, cobrou o dirigente.<\/p>\n<p><strong>Fonte: Contraf-CUT<\/strong><\/p>\n","protected":false},"excerpt":{"rendered":"<p>A Caixa informou \u00e0 Contraf-CUT, nesta sexta-feira (2), que vai prorrogar para o dia 30 de maio a defini\u00e7\u00e3o sobre a implementa\u00e7\u00e3o de mudan\u00e7as no programa Transforma\u00e7\u00e3o, Engajamento, Inova\u00e7\u00e3o e Aprendizado (Teia), criado para conduzir a Caixa \u00e0 transforma\u00e7\u00e3o digital. A decis\u00e3o veio ap\u00f3s interven\u00e7\u00e3o da Comiss\u00e3o Executiva dos Empregados (CEE), que assessora a Contraf-CUT [&hellip;]<\/p>\n","protected":false},"author":2,"featured_media":16346,"comment_status":"","ping_status":"","sticky":false,"template":"","format":"standard","meta":{"footnotes":""},"categories":[3],"tags":[],"class_list":["post-16347","post","type-post","status-publish","format-standard","has-post-thumbnail","hentry","category-noticias"],"_links":{"self":[{"href":"https:\/\/hostnetart.com.br\/baixada\/wp-json\/wp\/v2\/posts\/16347","targetHints":{"allow":["GET"]}}],"collection":[{"href":"https:\/\/hostnetart.com.br\/baixada\/wp-json\/wp\/v2\/posts"}],"about":[{"href":"https:\/\/hostnetart.com.br\/baixada\/wp-json\/wp\/v2\/types\/post"}],"author":[{"embeddable":true,"href":"https:\/\/hostnetart.com.br\/baixada\/wp-json\/wp\/v2\/users\/2"}],"replies":[{"embeddable":true,"href":"https:\/\/hostnetart.com.br\/baixada\/wp-json\/wp\/v2\/comments?post=16347"}],"version-history":[{"count":0,"href":"https:\/\/hostnetart.com.br\/baixada\/wp-json\/wp\/v2\/posts\/16347\/revisions"}],"wp:featuredmedia":[{"embeddable":true,"href":"https:\/\/hostnetart.com.br\/baixada\/wp-json\/wp\/v2\/media\/16346"}],"wp:attachment":[{"href":"https:\/\/hostnetart.com.br\/baixada\/wp-json\/wp\/v2\/media?parent=16347"}],"wp:term":[{"taxonomy":"category","embeddable":true,"href":"https:\/\/hostnetart.com.br\/baixada\/wp-json\/wp\/v2\/categories?post=16347"},{"taxonomy":"post_tag","embeddable":true,"href":"https:\/\/hostnetart.com.br\/baixada\/wp-json\/wp\/v2\/tags?post=16347"}],"curies":[{"name":"wp","href":"https:\/\/api.w.org\/{rel}","templated":true}]}}