{"id":16345,"date":"2025-05-01T18:37:00","date_gmt":"2025-05-01T21:37:00","guid":{"rendered":"https:\/\/hostnetart.com.br\/baixada\/sindicato-dos-bancarios-da-baixada-fluminense-participa-de-ato-pelo-dia-do-trabalhador\/"},"modified":"2025-05-01T18:37:00","modified_gmt":"2025-05-01T21:37:00","slug":"sindicato-dos-bancarios-da-baixada-fluminense-participa-de-ato-pelo-dia-do-trabalhador","status":"publish","type":"post","link":"https:\/\/hostnetart.com.br\/baixada\/sindicato-dos-bancarios-da-baixada-fluminense-participa-de-ato-pelo-dia-do-trabalhador\/","title":{"rendered":"Sindicato dos Banc\u00e1rios da Baixada Fluminense participa de ato pelo Dia do Trabalhador"},"content":{"rendered":"<p>Nesta quinta-feira, 1\u00ba de Maio, o Sindicato dos Banc\u00e1rios da Baixada Fluminense participou de um ato em celebra\u00e7\u00e3o ao Dia Internacional das Trabalhadoras e Trabalhadores, na Cinel\u00e2ndia, Centro do Rio de Janeiro. <\/p>\n<p>A entidade esteve representada pelas diretoras Renata Soeiro, Elizabeth Paradela e Solange Ribeiro. <\/p>\n<p>Centrais sindicais e movimentos sociais populares pediam, al\u00e9m de melhores condi\u00e7\u00f5es de trabalho e renda, a redu\u00e7\u00e3o da jornada sem perdas salariais e o fim da escala 6\u00d71 estavam entre as pautas principais dos trabalhadores.<\/p>\n<p>Segundo a organiza\u00e7\u00e3o, o festival buscou fortalecer a rela\u00e7\u00e3o entre cultura e pol\u00edtica no 1\u00ba de Maio, al\u00e9m de garantir um ato representativo das lutas da classe trabalhadora e proporcionar um momento de lazer com artistas diversos.<\/p>\n<p>*<i>confira mais fotos em nossas redes sociais<\/i>\u00a0<\/p>\n","protected":false},"excerpt":{"rendered":"<p>Nesta quinta-feira, 1\u00ba de Maio, o Sindicato dos Banc\u00e1rios da Baixada Fluminense participou de um ato em celebra\u00e7\u00e3o ao Dia Internacional das Trabalhadoras e Trabalhadores, na Cinel\u00e2ndia, Centro do Rio de Janeiro. A entidade esteve representada pelas diretoras Renata Soeiro, Elizabeth Paradela e Solange Ribeiro. Centrais sindicais e movimentos sociais populares pediam, al\u00e9m de melhores [&hellip;]<\/p>\n","protected":false},"author":2,"featured_media":16344,"comment_status":"","ping_status":"","sticky":false,"template":"","format":"standard","meta":{"footnotes":""},"categories":[3],"tags":[],"class_list":["post-16345","post","type-post","status-publish","format-standard","has-post-thumbnail","hentry","category-noticias"],"_links":{"self":[{"href":"https:\/\/hostnetart.com.br\/baixada\/wp-json\/wp\/v2\/posts\/16345","targetHints":{"allow":["GET"]}}],"collection":[{"href":"https:\/\/hostnetart.com.br\/baixada\/wp-json\/wp\/v2\/posts"}],"about":[{"href":"https:\/\/hostnetart.com.br\/baixada\/wp-json\/wp\/v2\/types\/post"}],"author":[{"embeddable":true,"href":"https:\/\/hostnetart.com.br\/baixada\/wp-json\/wp\/v2\/users\/2"}],"replies":[{"embeddable":true,"href":"https:\/\/hostnetart.com.br\/baixada\/wp-json\/wp\/v2\/comments?post=16345"}],"version-history":[{"count":0,"href":"https:\/\/hostnetart.com.br\/baixada\/wp-json\/wp\/v2\/posts\/16345\/revisions"}],"wp:featuredmedia":[{"embeddable":true,"href":"https:\/\/hostnetart.com.br\/baixada\/wp-json\/wp\/v2\/media\/16344"}],"wp:attachment":[{"href":"https:\/\/hostnetart.com.br\/baixada\/wp-json\/wp\/v2\/media?parent=16345"}],"wp:term":[{"taxonomy":"category","embeddable":true,"href":"https:\/\/hostnetart.com.br\/baixada\/wp-json\/wp\/v2\/categories?post=16345"},{"taxonomy":"post_tag","embeddable":true,"href":"https:\/\/hostnetart.com.br\/baixada\/wp-json\/wp\/v2\/tags?post=16345"}],"curies":[{"name":"wp","href":"https:\/\/api.w.org\/{rel}","templated":true}]}}