{"id":16341,"date":"2025-04-30T14:10:38","date_gmt":"2025-04-30T17:10:38","guid":{"rendered":"https:\/\/hostnetart.com.br\/baixada\/veja-a-integra-da-pauta-da-classe-trabalhadora\/"},"modified":"2025-04-30T14:10:38","modified_gmt":"2025-04-30T17:10:38","slug":"veja-a-integra-da-pauta-da-classe-trabalhadora","status":"publish","type":"post","link":"https:\/\/hostnetart.com.br\/baixada\/veja-a-integra-da-pauta-da-classe-trabalhadora\/","title":{"rendered":"Veja a \u00edntegra da Pauta da Classe Trabalhadora"},"content":{"rendered":"<p>As prioridades da Pauta da Classe Trabalhadora para 2025, elaboradas de forma unit\u00e1ria pelas centrais sindicais e apresentadas na Plen\u00e1ria Nacional realizada em Bras\u00edlia, nesta ter\u00e7a-feira (29), constituem um referencial do movimento sindical para orientar mobiliza\u00e7\u00f5es, negocia\u00e7\u00f5es e atua\u00e7\u00f5es institucionais nos n\u00edveis nacional, regional e setorial. Duas reivindica\u00e7\u00f5es vem tendo grande destaque:<\/p>\n<ul>\n<li>A aprova\u00e7\u00e3o urgente da proposta de isen\u00e7\u00e3o de Imposto de Renda (IR) para quem ganha at\u00e9 R$ 5 mil\/m\u00eas, descontos escalonados para quem ganha at\u00e9 R$ 7 mil\/m\u00eas e institui\u00e7\u00e3o de imposto m\u00ednimo para quem ganha mais de R$ 600 mil\/ano e n\u00e3o paga o imposto cobrado de quem tem esta faixa de renda;<\/li>\n<li>A redu\u00e7\u00e3o da jornada de trabalho, sem a redu\u00e7\u00e3o salarial.<\/li>\n<\/ul>\n<p><strong>A pauta apresentada neste ano traz 26 t\u00f3picos subdivididos em tr\u00eas grandes temas:<\/strong><\/p>\n<ul>\n<li>Sindicatos, legisla\u00e7\u00e3o e direitos trabalhistas (com 13 t\u00f3picos);<\/li>\n<li>Direitos b\u00e1sicos (com 3 t\u00f3picos);<\/li>\n<li>Pol\u00edticas de desenvolvimento e promo\u00e7\u00e3o da justi\u00e7a social (com 10 t\u00f3picos).<\/li>\n<\/ul>\n<p><strong>Todos os t\u00f3picos s\u00e3o muito importantes, mas destacamos alguns deles:<\/strong><\/p>\n<h2><strong>Sindicatos, legisla\u00e7\u00e3o e direitos trabalhistas<\/strong><\/h2>\n<ul>\n<li>Reduzir a jornada de trabalho, sem redu\u00e7\u00e3o de sal\u00e1rio, com controle das horas extras e eliminando as formas precarizantes de flexibiliza\u00e7\u00e3o;<\/li>\n<li>Acabar com a escala 6&#215;1, com a substitui\u00e7\u00e3o, em cada setor econ\u00f4mico e categoria profissional, por jornadas que promovam melhores condi\u00e7\u00f5es de trabalho e de vida;<\/li>\n<li>Aprovar o Projeto de Valoriza\u00e7\u00e3o da Negocia\u00e7\u00e3o Coletiva no Setor Privado e P\u00fablico (Conven\u00e7\u00e3o 151 da OIT);<\/li>\n<li>Ampliar as pol\u00edticas ativas de gera\u00e7\u00e3o de trabalho decente, para enfrentar o desemprego, o subemprego, a rotatividade, a informalidade, a terceiriza\u00e7\u00e3o, a pejotiza\u00e7\u00e3o, o trabalho intermitente e os impactos da automa\u00e7\u00e3o e da intelig\u00eancia artificial.<\/li>\n<\/ul>\n<h2><strong>Direitos b\u00e1sicos<\/strong><\/h2>\n<ul>\n<li>Promover mais e melhores servi\u00e7os p\u00fablicos em todo o pa\u00eds, aprovando o Plano Nacional da Educa\u00e7\u00e3o 2024\/2034, com a garantia do Piso do Magist\u00e9rio (Lei 11.738\/2008) e fortalecendo o Sistema \u00danico de Sa\u00fade (SUS), com prioridade para a redu\u00e7\u00e3o do tempo de espera para consultas, exames e cirurgias;<\/li>\n<li>Ampliar o acesso \u00e0 pol\u00edtica de moradia popular e expandir o alcance do Plano Nacional de Saneamento B\u00e1sico;<\/li>\n<li>Implementar a Pol\u00edtica Nacional de Cuidados, reconhecendo o cuidado como direito, trabalho e pilar fundamental da prote\u00e7\u00e3o social, com a\u00e7\u00f5es articuladas entre Estado, fam\u00edlias e comunidade para garantir igualdade de g\u00eanero, inclus\u00e3o social e bem-estar coletivo.<\/li>\n<\/ul>\n<h2><strong>Pol\u00edticas de desenvolvimento e promo\u00e7\u00e3o da justi\u00e7a social<\/strong><\/h2>\n<ul>\n<li>Combater a carestia e reduzir o custo de vida implementando uma pol\u00edtica de abastecimento de alimentos, resiliente \u00e0 emerg\u00eancia clim\u00e1tica;<\/li>\n<li>Fortalecer a agricultura familiar, com cr\u00e9dito, assist\u00eancia, armazenamento e comercializa\u00e7\u00e3o;<\/li>\n<li>Aprovar o Projeto que corrige a tabela do Imposto de Renda e promove a tributa\u00e7\u00e3o dos mais ricos;<\/li>\n<li>Promover isen\u00e7\u00e3o tribut\u00e1ria para a PLR (Participa\u00e7\u00e3o nos Lucros e Resultados); progressividade dos impostos sobre a renda, o patrim\u00f4nio, grandes heran\u00e7as e riquezas, lucros e dividendos e a corre\u00e7\u00e3o anual da tabela do imposto de renda;<\/li>\n<li>Desenvolver iniciativas estrat\u00e9gicas para a redu\u00e7\u00e3o da taxa de juros e dos spreads banc\u00e1rios, compat\u00edveis com as melhores pr\u00e1ticas internacionais;<\/li>\n<li>Incentivar as micro, pequenas e m\u00e9dias empresas, a economia solid\u00e1ria e popular, o trabalho aut\u00f4nomo e as cooperativas, garantindo acesso \u00e0s inova\u00e7\u00f5es tecnol\u00f3gicas, ao cr\u00e9dito com Fundo Garantidor, \u00e0 assist\u00eancia t\u00e9cnica e administrativa.<\/li>\n<\/ul>\n<h2><strong>Conclat 2022<\/strong><\/h2>\n<p>Trata-se de um desdobramento e atualiza\u00e7\u00e3o da Pauta da Classe Trabalhadora aprovada na Confer\u00eancia da Classe Trabalhadora (Conclat) realizada em abril de 2022, que apresentou 63 diretrizes para o desenvolvimento do Brasil, elaboradas a partir dos desafios e da perspectiva do mundo do trabalho, que j\u00e1 vem sendo cumpridas pelo governo federal.<\/p>\n<p><strong>&gt;&gt;&gt;&gt;&gt;<\/strong> <a href=\"https:\/\/contrafcut.lumis.com.br\/data\/files\/F3\/66\/EA\/6C\/FE1869109252A669820808A8\/PAUTA%20DA%20CLASSE%20TRABALAHDORA.pdf\" target=\"_blank\" rel=\"noopener noreferrer\">Veja a \u00edntegra da Pauta da Classe trabalhadora de 2025<\/a><\/p>\n<p><strong>&gt;&gt;&gt;&gt;&gt;<\/strong> <a href=\"https:\/\/contrafcut.lumis.com.br\/data\/files\/95\/66\/1D\/6C\/FE1869109252A669820808A8\/CONCLAT-pautas-centrais-sindicais-07-abril.pdf\" target=\"_blank\" rel=\"noopener noreferrer\">Veja a \u00edntegra da Pauta aprovada no Conclat 2022<\/a><\/p>\n<p><strong>Fonte: Contraf-CUT<\/strong><\/p>\n","protected":false},"excerpt":{"rendered":"<p>As prioridades da Pauta da Classe Trabalhadora para 2025, elaboradas de forma unit\u00e1ria pelas centrais sindicais e apresentadas na Plen\u00e1ria Nacional realizada em Bras\u00edlia, nesta ter\u00e7a-feira (29), constituem um referencial do movimento sindical para orientar mobiliza\u00e7\u00f5es, negocia\u00e7\u00f5es e atua\u00e7\u00f5es institucionais nos n\u00edveis nacional, regional e setorial. Duas reivindica\u00e7\u00f5es vem tendo grande destaque: A aprova\u00e7\u00e3o urgente [&hellip;]<\/p>\n","protected":false},"author":2,"featured_media":16340,"comment_status":"","ping_status":"","sticky":false,"template":"","format":"standard","meta":{"footnotes":""},"categories":[3],"tags":[],"class_list":["post-16341","post","type-post","status-publish","format-standard","has-post-thumbnail","hentry","category-noticias"],"_links":{"self":[{"href":"https:\/\/hostnetart.com.br\/baixada\/wp-json\/wp\/v2\/posts\/16341","targetHints":{"allow":["GET"]}}],"collection":[{"href":"https:\/\/hostnetart.com.br\/baixada\/wp-json\/wp\/v2\/posts"}],"about":[{"href":"https:\/\/hostnetart.com.br\/baixada\/wp-json\/wp\/v2\/types\/post"}],"author":[{"embeddable":true,"href":"https:\/\/hostnetart.com.br\/baixada\/wp-json\/wp\/v2\/users\/2"}],"replies":[{"embeddable":true,"href":"https:\/\/hostnetart.com.br\/baixada\/wp-json\/wp\/v2\/comments?post=16341"}],"version-history":[{"count":0,"href":"https:\/\/hostnetart.com.br\/baixada\/wp-json\/wp\/v2\/posts\/16341\/revisions"}],"wp:featuredmedia":[{"embeddable":true,"href":"https:\/\/hostnetart.com.br\/baixada\/wp-json\/wp\/v2\/media\/16340"}],"wp:attachment":[{"href":"https:\/\/hostnetart.com.br\/baixada\/wp-json\/wp\/v2\/media?parent=16341"}],"wp:term":[{"taxonomy":"category","embeddable":true,"href":"https:\/\/hostnetart.com.br\/baixada\/wp-json\/wp\/v2\/categories?post=16341"},{"taxonomy":"post_tag","embeddable":true,"href":"https:\/\/hostnetart.com.br\/baixada\/wp-json\/wp\/v2\/tags?post=16341"}],"curies":[{"name":"wp","href":"https:\/\/api.w.org\/{rel}","templated":true}]}}