{"id":16339,"date":"2025-04-30T14:08:19","date_gmt":"2025-04-30T17:08:19","guid":{"rendered":"https:\/\/hostnetart.com.br\/baixada\/cut-e-demais-centrais-entregam-ao-presidente-lula-a-pauta-da-classe-trabalhadora\/"},"modified":"2025-04-30T14:08:19","modified_gmt":"2025-04-30T17:08:19","slug":"cut-e-demais-centrais-entregam-ao-presidente-lula-a-pauta-da-classe-trabalhadora","status":"publish","type":"post","link":"https:\/\/hostnetart.com.br\/baixada\/cut-e-demais-centrais-entregam-ao-presidente-lula-a-pauta-da-classe-trabalhadora\/","title":{"rendered":"CUT e demais centrais entregam ao Presidente Lula a pauta da classe trabalhadora"},"content":{"rendered":"<p>A CUT e demais centrais sindicais entregaram, na tarde desta ter\u00e7a-feira (29), ao presidente Luiz In\u00e1cio Lula da Silva, a pauta de reivindica\u00e7\u00f5es da classe trabalhadora. Entre outras demandas urgentes, quatro se destacam: <strong>a redu\u00e7\u00e3o da jornada de trabalho sem redu\u00e7\u00e3o salarial; o fim da escala 6 x 1; a isen\u00e7\u00e3o do imposto de renda para quem ganha at\u00e9 R$ 5 mil e a taxa\u00e7\u00e3o dos super-ricos<\/strong>.<\/p>\n<p><a href=\"https:\/\/contrafcut.lumis.com.br\/data\/files\/F3\/66\/EA\/6C\/FE1869109252A669820808A8\/PAUTA%20DA%20CLASSE%20TRABALAHDORA.pdf\" target=\"_blank\" rel=\"noopener noreferrer\">Leia a \u00edntegra da pauta aqui<\/a>.<\/p>\n<p>Al\u00e9m dos presidentes das centrais sindicais, estiveram presentes o vice-presidente da Rep\u00fablica e ministro do Desenvolvimento, Ind\u00fastria, Com\u00e9rcio e Servi\u00e7os, Geraldo Alckmin, a ministra-chefe da Secretaria de Rela\u00e7\u00f5es Institucionais da presid\u00eancia da Rep\u00fablica, Gleisi Hoffman, ministro-chefe da secretaria Geral da Presid\u00eancia da Rep\u00fablica, Marcio Mac\u00eado e o ministro do Trabalho e Emprego, Luiz Marinho.<\/p>\n<p>A entrega do documento foi parte da agenda de mobiliza\u00e7\u00e3o em Bras\u00edlia nesta ter\u00e7a-feira. Milhares de trabalhadores e trabalhadoras de todo o pa\u00eds, organizados pela CUT, centrais e entidades filiadas (confedera\u00e7\u00f5es, federa\u00e7\u00f5es e sindicatos) participaram nas primeiras horas do dia da Plen\u00e1ria da Classe Trabalhadora e, logo ap\u00f3s, da caminhada na Esplanada dos Minist\u00e9rios.<\/p>\n<p><strong>Marcha deixa sentimento de garra para enfrentar o futuro<\/strong><\/p>\n<p>Mais cedo, durante a marcha, dirigentes sindicais discursaram ao p\u00fablico sobre a necessidade de a classe trabalhadora estar sempre alerta e preparada para enfrentar os constantes ataques da extrema direita \u00e0 democracia e, claro, aos direitos sociais e trabalhistas.<\/p>\n<p>O presidente nacional da CUT, Sergio Nobre, al\u00e9m de defender o teor da pauta, lembrou que os direitos dos trabalhadores passam pelas pr\u00f3ximas elei\u00e7\u00f5es e que, por isso, a manifesta\u00e7\u00e3o de hoje foi decisiva para enterrar a direita em 2026. \u201cPrecisamos reeleger o nosso presidente Lula, que \u00e9 o grande pai da classe trabalhadora no Brasil, aquele que nos ensinou o caminho da luta para chegarmos at\u00e9 aqui\u201d, afirmou Sergio Nobre.<\/p>\n<p>\u00c9 preciso ressaltar que a direita e a extrema direita foram respons\u00e1veis pela reforma Trabalhista em 2017, que retirou mais de 100 direitos da Consolida\u00e7\u00e3o das Leis do Trabalho (CLT), permitindo a pejotiza\u00e7\u00e3o e a terceiriza\u00e7\u00e3o sem fim, e a reforma da Previd\u00eancia de 2019, que aumentou o tempo de contribui\u00e7\u00e3o e diminuiu o valor de aposentadorias e pens\u00f5es. Hoje o movimento sindical luta para pela amplia\u00e7\u00e3o dos direitos trabalhistas.<\/p>\n<p>\u201cA gente sabe que nenhum direito que a classe trabalhadora tem caiu do c\u00e9u ou foi benef\u00edcio dado por algu\u00e9m, foi com muita mobiliza\u00e7\u00e3o e com muita luta\u201d, refor\u00e7ou Sergio Nobre ao incentivar os trabalhadores a se manterem firmes na luta por seus direitos.<\/p>\n<p>A necessidade do reconhecimento de que o presidente Lula teve e tem um papel importante na defesa dos trabalhadores tamb\u00e9m foi enfatizada pelo secret\u00e1rio de Administra\u00e7\u00e3o e Finan\u00e7as da CUT, Ariovaldo de Camargo, ao ressaltar que \u00e9 preciso que a pauta da classe trabalhadora seja contemplada pelas decis\u00f5es governamentais.<\/p>\n<p>\u201cEstamos vivendo um momento de muitas transforma\u00e7\u00f5es e a Central \u00danica dos Trabalhadores fazendo chegar ao presidente Lula a voz do povo, nossa pauta ser\u00e1 entendida e, assim o conjunto dos trabalhadores ter\u00e1 orgulho de ter um oper\u00e1rio na Presid\u00eancia da Rep\u00fablica\u201d, disse Camargo.<\/p>\n<p>Para o secret\u00e1rio Geral da CUT Nacional, Renato Zulato, a marcha cumpriu o com as expectativas e a presen\u00e7a dos trabalhadores e representantes dos seus sindicatos demonstrou unidade na defesa de direitos e da democracia.<\/p>\n<p>\u201cTemos que ficar mobilizados! Mas voltem aos seus estados com a cabe\u00e7a erguida, porque voc\u00eas est\u00e3o aqui na rua, mais uma vez, e est\u00e3o na luta pelo nosso direito \u00e0 democracia que havia sido tirado de n\u00f3s no governo passado\u201d, disse Zulato.<\/p>\n<p>A defesa da pauta dos trabalhadores passa tamb\u00e9m pelo <a href=\"https:\/\/www.cut.org.br\/noticias\/plebiscito-popular-vai-ouvir-populacao-sobre-reducao-da-jornada-e-fim-da-escala-6eef\" target=\"_blank\" rel=\"noopener noreferrer\">plebiscito popular<\/a>, lembrou o secret\u00e1rio de Mobiliza\u00e7\u00e3o e Rela\u00e7\u00e3o com os Movimentos Sociais da CUT, Milton dos Santos Rezende, o Miltinho. O plebiscito levar\u00e1 \u00e0 popula\u00e7\u00e3o brasileira tr\u00eas importantes temas, para que ela responda sim ou n\u00e3o: a redu\u00e7\u00e3o de jornada de trabalho sem a redu\u00e7\u00e3o de sal\u00e1rio, o fim da escala 6&#215;1 e a justi\u00e7a tribut\u00e1ria, com a isen\u00e7\u00e3o de imposto de renda para quem ganha at\u00e9 5 mil reais e aumento da cobran\u00e7a para quem ganha acima de 50 mil.<\/p>\n<p>\u201cH\u00e1 uma identidade pol\u00edtica nesse movimento, estamos aqui juntos, fortes, vamos construir esse processo, a nossa ideia de fazer um plebiscito nacional onde milh\u00f5es de pessoas participem, n\u00e3o s\u00f3 os trabalhadores, n\u00e3o s\u00f3 os sindicalistas, mas o conjunto da cidade e do campo. A largada \u00e9 agora, nesse dia 29, nessa marcha que as centrais e os movimentos sociais est\u00e3o construindo\u201d, disse Miltinho.<\/p>\n<p>A presen\u00e7a feminina na luta pela redu\u00e7\u00e3o da jornada sem redu\u00e7\u00e3o salarial e o fim da escala 6 X 1 foi elogiada pela secret\u00e1ria da Mulher Trabalhadora da CUT Nacional, Amanda Corcino.<\/p>\n<p>\u201cAs longas jornadas s\u00e3o cru\u00e9is em especial \u00e0s mulheres trabalhadoras, porque n\u00f3s temos uma jornada de trabalho muito maior, mais exaustiva, n\u00f3s temos a jornada do trabalho remunerado, mas tamb\u00e9m temos a jornada que \u00e9 das atividades de cuidar, das atividades dom\u00e9sticas, ent\u00e3o para n\u00f3s mulheres vai ser um ganho muito grande, que a gente consiga reduzir essa jornada, para que possamos ter mais tempo para nos dedicar aos nossos cuidados, a nossa milit\u00e2ncia e a gente trazer mais mulheres para a pol\u00edtica\u201d, disse Amanda.<\/p>\n<p><strong>Texto:<\/strong> <a href=\"https:\/\/www.cut.org.br\/noticias\/cut-e-demais-centrais-entregam-ao-presidente-lula-a-pauta-da-classe-trabalhadora-506c\" target=\"_blank\" rel=\"noopener noreferrer\">CUT Brasil<\/a><\/p>\n","protected":false},"excerpt":{"rendered":"<p>A CUT e demais centrais sindicais entregaram, na tarde desta ter\u00e7a-feira (29), ao presidente Luiz In\u00e1cio Lula da Silva, a pauta de reivindica\u00e7\u00f5es da classe trabalhadora. Entre outras demandas urgentes, quatro se destacam: a redu\u00e7\u00e3o da jornada de trabalho sem redu\u00e7\u00e3o salarial; o fim da escala 6 x 1; a isen\u00e7\u00e3o do imposto de renda [&hellip;]<\/p>\n","protected":false},"author":2,"featured_media":16338,"comment_status":"","ping_status":"","sticky":false,"template":"","format":"standard","meta":{"footnotes":""},"categories":[3],"tags":[],"class_list":["post-16339","post","type-post","status-publish","format-standard","has-post-thumbnail","hentry","category-noticias"],"_links":{"self":[{"href":"https:\/\/hostnetart.com.br\/baixada\/wp-json\/wp\/v2\/posts\/16339","targetHints":{"allow":["GET"]}}],"collection":[{"href":"https:\/\/hostnetart.com.br\/baixada\/wp-json\/wp\/v2\/posts"}],"about":[{"href":"https:\/\/hostnetart.com.br\/baixada\/wp-json\/wp\/v2\/types\/post"}],"author":[{"embeddable":true,"href":"https:\/\/hostnetart.com.br\/baixada\/wp-json\/wp\/v2\/users\/2"}],"replies":[{"embeddable":true,"href":"https:\/\/hostnetart.com.br\/baixada\/wp-json\/wp\/v2\/comments?post=16339"}],"version-history":[{"count":0,"href":"https:\/\/hostnetart.com.br\/baixada\/wp-json\/wp\/v2\/posts\/16339\/revisions"}],"wp:featuredmedia":[{"embeddable":true,"href":"https:\/\/hostnetart.com.br\/baixada\/wp-json\/wp\/v2\/media\/16338"}],"wp:attachment":[{"href":"https:\/\/hostnetart.com.br\/baixada\/wp-json\/wp\/v2\/media?parent=16339"}],"wp:term":[{"taxonomy":"category","embeddable":true,"href":"https:\/\/hostnetart.com.br\/baixada\/wp-json\/wp\/v2\/categories?post=16339"},{"taxonomy":"post_tag","embeddable":true,"href":"https:\/\/hostnetart.com.br\/baixada\/wp-json\/wp\/v2\/tags?post=16339"}],"curies":[{"name":"wp","href":"https:\/\/api.w.org\/{rel}","templated":true}]}}