{"id":16333,"date":"2025-04-28T19:23:44","date_gmt":"2025-04-28T22:23:44","guid":{"rendered":"https:\/\/hostnetart.com.br\/baixada\/comando-nacional-dos-bancarios-debate-pautas-da-marcha-da-classe-trabalhadora\/"},"modified":"2025-04-28T19:23:44","modified_gmt":"2025-04-28T22:23:44","slug":"comando-nacional-dos-bancarios-debate-pautas-da-marcha-da-classe-trabalhadora","status":"publish","type":"post","link":"https:\/\/hostnetart.com.br\/baixada\/comando-nacional-dos-bancarios-debate-pautas-da-marcha-da-classe-trabalhadora\/","title":{"rendered":"Comando Nacional dos Banc\u00e1rios debate pautas da Marcha da Classe Trabalhadora"},"content":{"rendered":"<p><b>Semin\u00e1rio Nacional Ampliado<\/b><br \/>Data: 28 de abril de 2025<br \/>Local: Teatro dos Banc\u00e1rios de Bras\u00edlia<br \/>Hor\u00e1rio: a partir das 14h<\/p>\n<ul>\n<li><strong>Objetivos:<\/strong><\/li>\n<li>debater e fortalecer a pauta dos trabalhadores para a Marcha da Classe Trabalhadora;<\/li>\n<li>Visa refor\u00e7ar a participa\u00e7\u00e3o nas a\u00e7\u00f5es estrat\u00e9gicas da Marcha.<\/li>\n<\/ul>\n<p><b>Marcha da Classe Trabalhadora<\/b><\/p>\n<ul>\n<li>Data: 29 de abril de 2025, em Bras\u00edlia.<\/li>\n<li><strong>Pautas principais:<\/strong><\/li>\n<li>Redu\u00e7\u00e3o da jornada de trabalho sem redu\u00e7\u00e3o salarial;Fim da escala de trabalho 6&#215;1;<\/li>\n<li>Isen\u00e7\u00e3o de imposto para renda de at\u00e9 R$ 5 mil;<\/li>\n<li>Outras pautas no texto abaixo.<\/li>\n<\/ul>\n<p><b>Entrega da pauta<\/b><\/p>\n<ul>\n<li>Representantes das centrais sindicais entregar\u00e3o a Pauta da Classe Trabalhadora ao presidente Luiz In\u00e1cio Lula da Silva ap\u00f3s a Marcha.<\/li>\n<li>Entrega da pauta \u00e0 C\u00e2mara dos Deputados e ao Senado.<\/li>\n<\/ul>\n<p><b>Leia a \u00edntegra do texto:<\/b><\/p>\n<p>O Comando Nacional dos Banc\u00e1rios realiza, nesta segunda-feira (28), no Teatro dos Banc\u00e1rios de Bras\u00edlia, a partir das 14h, um Semin\u00e1rio Nacional ampliado, para debater as pautas que comp\u00f5em a Marcha da Classe Trabalhadora e seus efeitos na organiza\u00e7\u00e3o sindical da categoria e dos trabalhadores. A atividade ser\u00e1 exclusivamente presencial.<\/p>\n<p>\u201cUma das pautas de reivindica\u00e7\u00e3o deste ano \u00e9 a redu\u00e7\u00e3o da jornada, com manuten\u00e7\u00e3o dos sal\u00e1rios, como uma forma de compartilhar os benef\u00edcios dos avan\u00e7os da tecnologia com toda a sociedade. Outra bandeira de destaque na marcha \u00e9 a justi\u00e7a tribut\u00e1ria, com o nosso apoio ao projeto de lei que amplia a inser\u00e7\u00e3o do imposto de renda para os trabalhadores e cobran\u00e7a de imposto dos super-ricos\u201d, destacou na abertura a coordenadora do Comando Nacional e presidenta da Contraf-CUT, Juvandia Moreira.<\/p>\n<p>A realiza\u00e7\u00e3o do semin\u00e1rio foi definida em reuni\u00e3o do Comando Nacional dos Banc\u00e1rios ocorrida no dia 31de mar\u00e7o de 2025, quando foi aprovada a participa\u00e7\u00e3o nas a\u00e7\u00f5es estrat\u00e9gicas para fortalecer e atualizar a pauta dos trabalhadores na Marcha da Classe Trabalhadora, que ser\u00e1 realizada nesta ter\u00e7a-feira (29), tamb\u00e9m em Bras\u00edlia.<\/p>\n<p>Ao final da Marcha, o presidente Luiz In\u00e1cio Lula da Silva ir\u00e1 receber os representantes da CUT e das demais entidades (For\u00e7a Sindical, UGT, CTB, CSB, NCST, P\u00fablica e Intersindical) que comp\u00f5em o F\u00f3rum das Centrais Sindicais, que entregar\u00e3o a Lula a Pauta da Classe Trabalhadora.<\/p>\n<p><b>A Marcha<\/b><\/p>\n<p>A Marcha em Bras\u00edlia tem como pautas a redu\u00e7\u00e3o da Jornada de Trabalho, sem redu\u00e7\u00e3o salarial e o fim da escala 6X1. As centrais defendem ainda a isen\u00e7\u00e3o do imposto para quem tem renda at\u00e9 R$ 5 mil; as pautas dos trabalhadores e trabalhadoras no Servi\u00e7o P\u00fablico das esferas municipal, estadual e federal, com a valoriza\u00e7\u00e3o do servi\u00e7o p\u00fablico, fim do confisco, pela manuten\u00e7\u00e3o do RJU (Regime Jur\u00eddico \u00danico), pela regulamenta\u00e7\u00e3o da negocia\u00e7\u00e3o coletiva (Conven\u00e7\u00e3o 151); a valoriza\u00e7\u00e3o da Agricultura Familiar, o cumprimento da lei de igualdade salarial entre homens e mulheres, transi\u00e7\u00e3o energ\u00e9tica justa, combate ao racismo e \u00e0 LGBTQIA+fobia, entre outras reivindica\u00e7\u00f5es.\u00a0<\/p>\n<p>A Marcha ser\u00e1 o ponto alto da Jornada Nacional de Lutas da Classe Trabalhadora, que\u00a0<a href=\"https:\/\/contrafcut.com.br\/noticias\/contraf-cut-participa-da-jornada-nacional-de-debates-com-foco-no-trabalho-digno-meio-ambiente-e-transicao-justa-rumo-a-cop-30\/\" target=\"_blank\" rel=\"noopener noreferrer\">teve in\u00edcio no dia 9 de abril<\/a>\u00a0com um ciclo de debates em parceria com o Dieese em v\u00e1rios estados do Brasil.<\/p>\n<p><b>Programa\u00e7\u00e3o<\/b><\/p>\n<p>A concentra\u00e7\u00e3o ser\u00e1 \u00e0s 8h, no estacionamento do Teatro Nacional\/Pra\u00e7a da Cidadania. \u00c0s 9h, ser\u00e1 realizada a Plen\u00e1ria. \u00c0s 10h30, a sa\u00edda da Marcha rumo ao Congresso Nacional, onde a pauta ser\u00e1 entregue \u00e0 C\u00e2mara dos Deputados e ao Senado.<\/p>\n<p><b>Fonte:<\/b>\u00a0Contraf-CUT, com\u00a0<a href=\"https:\/\/www.cut.org.br\/noticias\/lula-vai-receber-centrais-sindicais-na-terca-feira-29-apos-marcha-em-brasilia-780d\" target=\"_blank\" rel=\"noopener noreferrer\">informa\u00e7\u00f5es da CUT Brasil<\/a><\/p>\n","protected":false},"excerpt":{"rendered":"<p>Semin\u00e1rio Nacional AmpliadoData: 28 de abril de 2025Local: Teatro dos Banc\u00e1rios de Bras\u00edliaHor\u00e1rio: a partir das 14h Objetivos: debater e fortalecer a pauta dos trabalhadores para a Marcha da Classe Trabalhadora; Visa refor\u00e7ar a participa\u00e7\u00e3o nas a\u00e7\u00f5es estrat\u00e9gicas da Marcha. Marcha da Classe Trabalhadora Data: 29 de abril de 2025, em Bras\u00edlia. Pautas principais: Redu\u00e7\u00e3o [&hellip;]<\/p>\n","protected":false},"author":2,"featured_media":16332,"comment_status":"","ping_status":"","sticky":false,"template":"","format":"standard","meta":{"footnotes":""},"categories":[3],"tags":[],"class_list":["post-16333","post","type-post","status-publish","format-standard","has-post-thumbnail","hentry","category-noticias"],"_links":{"self":[{"href":"https:\/\/hostnetart.com.br\/baixada\/wp-json\/wp\/v2\/posts\/16333","targetHints":{"allow":["GET"]}}],"collection":[{"href":"https:\/\/hostnetart.com.br\/baixada\/wp-json\/wp\/v2\/posts"}],"about":[{"href":"https:\/\/hostnetart.com.br\/baixada\/wp-json\/wp\/v2\/types\/post"}],"author":[{"embeddable":true,"href":"https:\/\/hostnetart.com.br\/baixada\/wp-json\/wp\/v2\/users\/2"}],"replies":[{"embeddable":true,"href":"https:\/\/hostnetart.com.br\/baixada\/wp-json\/wp\/v2\/comments?post=16333"}],"version-history":[{"count":0,"href":"https:\/\/hostnetart.com.br\/baixada\/wp-json\/wp\/v2\/posts\/16333\/revisions"}],"wp:featuredmedia":[{"embeddable":true,"href":"https:\/\/hostnetart.com.br\/baixada\/wp-json\/wp\/v2\/media\/16332"}],"wp:attachment":[{"href":"https:\/\/hostnetart.com.br\/baixada\/wp-json\/wp\/v2\/media?parent=16333"}],"wp:term":[{"taxonomy":"category","embeddable":true,"href":"https:\/\/hostnetart.com.br\/baixada\/wp-json\/wp\/v2\/categories?post=16333"},{"taxonomy":"post_tag","embeddable":true,"href":"https:\/\/hostnetart.com.br\/baixada\/wp-json\/wp\/v2\/tags?post=16333"}],"curies":[{"name":"wp","href":"https:\/\/api.w.org\/{rel}","templated":true}]}}