{"id":16331,"date":"2025-04-28T15:16:47","date_gmt":"2025-04-28T18:16:47","guid":{"rendered":"https:\/\/hostnetart.com.br\/baixada\/itau-apresenta-proposta-de-pcr-com-reajuste-de-6-25-e-roe-de-22-1\/"},"modified":"2025-04-28T15:16:47","modified_gmt":"2025-04-28T18:16:47","slug":"itau-apresenta-proposta-de-pcr-com-reajuste-de-6-25-e-roe-de-22-1","status":"publish","type":"post","link":"https:\/\/hostnetart.com.br\/baixada\/itau-apresenta-proposta-de-pcr-com-reajuste-de-6-25-e-roe-de-22-1\/","title":{"rendered":"Ita\u00fa apresenta proposta de PCR com reajuste de 6,25% e ROE de 22,1"},"content":{"rendered":"<\/p>\n<p>A Comiss\u00e3o de Organiza\u00e7\u00e3o dos Empregados (<strong>COE<\/strong>) do <strong>Ita\u00fa<\/strong> se <strong>reuniu<\/strong> na tarde da \u00faltima sexta-feira (25\/4) com representantes do banco para mais uma rodada de <strong>negocia\u00e7\u00e3o<\/strong> do Programa Complementar de Resultados (<strong>PCR<\/strong>). A reuni\u00e3o teve in\u00edcio com a apresenta\u00e7\u00e3o, por parte do banco, de uma proposta considerada insuficiente pelo movimento sindical: reajuste de apenas meio ponto percentual acima da infla\u00e7\u00e3o de mar\u00e7o (IPCA de 5,20%), com um retorno sobre patrim\u00f4nio l\u00edquido (ROE) estipulado em 23%.<\/p>\n<p>\u201cConseguimos resistir \u00e0s propostas de diminui\u00e7\u00e3o dos reajustes da PCR, desde o come\u00e7o do ano, e conseguimos avan\u00e7ar um pouco mais em rela\u00e7\u00e3o ao acordo anterior\u201d, comentou <strong>Jos\u00e9 Renato<\/strong> Riscado, representante da Federa\u00e7\u00e3o dos Trabalhadores do Ramo Financeiro dos Estados do Rio de Janeiro e Esp\u00edrito Santo (<strong>Fetraf RJ\/ES<\/strong>), e que participou virtualmente da reuni\u00e3o.<\/p>\n<p><img fetchpriority=\"high\" decoding=\"async\" class=\"alignnone size-full wp-image-27199\" src=\"https:\/\/fetrafrjes.org.br\/wp-content\/uploads\/2025\/04\/IMG_0551.jpeg\" sizes=\"(max-width: 1137px) 100vw, 1137px\" srcset=\"https:\/\/fetrafrjes.org.br\/wp-content\/uploads\/2025\/04\/IMG_0551.jpeg 1137w, https:\/\/fetrafrjes.org.br\/wp-content\/uploads\/2025\/04\/IMG_0551-333x600.jpeg 333w, https:\/\/fetrafrjes.org.br\/wp-content\/uploads\/2025\/04\/IMG_0551-568x1024.jpeg 568w, https:\/\/fetrafrjes.org.br\/wp-content\/uploads\/2025\/04\/IMG_0551-768x1384.jpeg 768w, https:\/\/fetrafrjes.org.br\/wp-content\/uploads\/2025\/04\/IMG_0551-852x1536.jpeg 852w\" alt=\"\" width=\"1137\" height=\"2049\" \/>Diante da baixa proposta e do aumento do ROE \u2013 o que, na pr\u00e1tica, dificulta o acesso \u00e0 faixa mais alta do PCR pelos trabalhadores \u2013, a COE Ita\u00fa rejeitou prontamente os termos iniciais apresentados pelo banco.<\/p>\n<p>Ap\u00f3s um intervalo de 30 minutos solicitado pela dire\u00e7\u00e3o do Ita\u00fa, o banco retornou \u00e0 mesa com nova proposta: reajuste de 6,25% (infla\u00e7\u00e3o de mar\u00e7o mais 1%) e ROE de 22,1%.<\/p>\n<p>Os valores propostos por faixa ficaram assim:<\/p>\n<ul>\n<li>Primeira faixa (ROE at\u00e9 22,1): R$ 3.908,05<\/li>\n<li>Segunda faixa (ROE acima de 22,1): R$ 4.096,42<\/li>\n<li>O banco tamb\u00e9m apresentou uma alternativa: aplicar o reajuste da categoria, negociado para setembro, no valor da PCR pelos pr\u00f3ximos dois anos, mantendo o ROE em 22,1.<\/li>\n<li>Em ambas as propostas, o reajuste do segundo ano seguiria o \u00edndice definido para a categoria nas negocia\u00e7\u00f5es da campanha salarial.<\/li>\n<\/ul>\n<p>As propostas ser\u00e3o levadas para avalia\u00e7\u00e3o da categoria. \u201cApesar da proposta n\u00e3o ser a que quer\u00edamos, os representantes da COE avaliaram que houve um aumento significativo em rela\u00e7\u00e3o \u00e0 primeira proposta apresentada pelo banco. Fruto da press\u00e3o dos sindicatos, conseguimos avan\u00e7ar na negocia\u00e7\u00e3o\u201d, afirmou Valeska Pincovai, coordenadora da COE Ita\u00fa.<\/p>\n<p>*<i>Fonte: Fetraf RJ\/ES<\/i>\u00a0<em>com informa\u00e7\u00f5es da Contraf-CUT<\/em><\/p>\n","protected":false},"excerpt":{"rendered":"<p>A Comiss\u00e3o de Organiza\u00e7\u00e3o dos Empregados (COE) do Ita\u00fa se reuniu na tarde da \u00faltima sexta-feira (25\/4) com representantes do banco para mais uma rodada de negocia\u00e7\u00e3o do Programa Complementar de Resultados (PCR). A reuni\u00e3o teve in\u00edcio com a apresenta\u00e7\u00e3o, por parte do banco, de uma proposta considerada insuficiente pelo movimento sindical: reajuste de apenas [&hellip;]<\/p>\n","protected":false},"author":2,"featured_media":16330,"comment_status":"","ping_status":"","sticky":false,"template":"","format":"standard","meta":{"footnotes":""},"categories":[3],"tags":[],"class_list":["post-16331","post","type-post","status-publish","format-standard","has-post-thumbnail","hentry","category-noticias"],"_links":{"self":[{"href":"https:\/\/hostnetart.com.br\/baixada\/wp-json\/wp\/v2\/posts\/16331","targetHints":{"allow":["GET"]}}],"collection":[{"href":"https:\/\/hostnetart.com.br\/baixada\/wp-json\/wp\/v2\/posts"}],"about":[{"href":"https:\/\/hostnetart.com.br\/baixada\/wp-json\/wp\/v2\/types\/post"}],"author":[{"embeddable":true,"href":"https:\/\/hostnetart.com.br\/baixada\/wp-json\/wp\/v2\/users\/2"}],"replies":[{"embeddable":true,"href":"https:\/\/hostnetart.com.br\/baixada\/wp-json\/wp\/v2\/comments?post=16331"}],"version-history":[{"count":0,"href":"https:\/\/hostnetart.com.br\/baixada\/wp-json\/wp\/v2\/posts\/16331\/revisions"}],"wp:featuredmedia":[{"embeddable":true,"href":"https:\/\/hostnetart.com.br\/baixada\/wp-json\/wp\/v2\/media\/16330"}],"wp:attachment":[{"href":"https:\/\/hostnetart.com.br\/baixada\/wp-json\/wp\/v2\/media?parent=16331"}],"wp:term":[{"taxonomy":"category","embeddable":true,"href":"https:\/\/hostnetart.com.br\/baixada\/wp-json\/wp\/v2\/categories?post=16331"},{"taxonomy":"post_tag","embeddable":true,"href":"https:\/\/hostnetart.com.br\/baixada\/wp-json\/wp\/v2\/tags?post=16331"}],"curies":[{"name":"wp","href":"https:\/\/api.w.org\/{rel}","templated":true}]}}