{"id":16327,"date":"2025-04-25T14:26:47","date_gmt":"2025-04-25T17:26:47","guid":{"rendered":"https:\/\/hostnetart.com.br\/baixada\/caixa-representantes-dos-empregados-cobram-explicacao-sobre-desligamentos-de-telefonistas\/"},"modified":"2025-04-25T14:26:47","modified_gmt":"2025-04-25T17:26:47","slug":"caixa-representantes-dos-empregados-cobram-explicacao-sobre-desligamentos-de-telefonistas","status":"publish","type":"post","link":"https:\/\/hostnetart.com.br\/baixada\/caixa-representantes-dos-empregados-cobram-explicacao-sobre-desligamentos-de-telefonistas\/","title":{"rendered":"Caixa: Representantes dos empregados cobram explica\u00e7\u00e3o sobre desligamentos de telefonistas"},"content":{"rendered":"<p><strong>Texto:<\/strong>\u00a0<a href=\"https:\/\/www.fenae.org.br\/portal\/fenae-portal\/representantes-dos-empregados-cobram-explicacao-sobre-desligamentos-de-telefonistas.htm\" target=\"_blank\" rel=\"noopener noreferrer\">Fenae<\/a><\/p>\n<p>Na tarde desta quinta-feira (24\/4), a Comiss\u00e3o Executiva de Empregados (CEE) da Caixa cobrou explica\u00e7\u00f5es da dire\u00e7\u00e3o do banco sobre a possibilidade das demiss\u00f5es de tr\u00eas mil telefonistas terceirizadas que prestam servi\u00e7os em ag\u00eancias banc\u00e1rias de todo o pa\u00eds.<\/p>\n<p>Para o coordenador da CEE\/Caixa, Rafael de Castro, os empregados foram pegos de surpresa, uma vez que n\u00e3o houve comunica\u00e7\u00e3o pr\u00e9via da Caixa sobre as demiss\u00f5es das telefonistas.<\/p>\n<p>Para a CEE\/Caixa, embora as telefonistas n\u00e3o fa\u00e7am parte do quadro de empregados efetivos, as demiss\u00f5es impactam diretamente o dia a dia dos banc\u00e1rios que atuam nas ag\u00eancias, unidades e departamentos do banco. \u201cEncaramos essas demiss\u00f5es como um movimento muito abrupto\u201d.<\/p>\n<p>Al\u00e9m disso, segundo ele, caso essas demiss\u00f5es se confirmem, \u00e9 fundamental que a Caixa ofere\u00e7a apoio a essas profissionais que, por tantos anos, contribu\u00edram para o bom funcionamento da empresa e auxiliaram os empregados das unidades.<\/p>\n<p>Na vis\u00e3o dos representantes dos empregados, sendo a Caixa um banco de cunho social, \u00e9 inadmiss\u00edvel que realize demiss\u00f5es sem debater e apresentar um estudo pr\u00e9vio e oferecer uma alternativa que trate com dignidade essas colegas.<\/p>\n<p>Muitas dessas trabalhadoras est\u00e3o h\u00e1 15 ou 20 anos nas unidades. Al\u00e9m disso, s\u00e3o arrimo de fam\u00edlia. \u201cTemos de cuidar de todos os trabalhadores, mesmo que n\u00e3o sejam banc\u00e1rios\u201d, conclui.<\/p>\n<p>Para a representante eleita pelos empregados no Conselho de Administra\u00e7\u00e3o da Caixa, Fabiana Uehara Proscholdt, ainda que n\u00e3o seja uma decis\u00e3o do CA, \u00e9 algo que impacta na imagem da empresa e interfere no dia a dia de todas as unidades afetadas.<\/p>\n<p>\u201cEntendo ser extremamente importante a abertura do di\u00e1logo entre dire\u00e7\u00e3o e representa\u00e7\u00e3o dos trabalhadores, e acredito que \u00e9 poss\u00edvel ter um meio termo entre alinhar a necessidade de efici\u00eancia e o papel social de nossa empresa. Como outros assuntos vou continuar acompanhando, at\u00e9 porque quem constr\u00f3i a Caixa todos os dias s\u00e3o todos os trabalhadores que est\u00e3o nela&#8221;, ressaltou a conselheira.<\/p>\n","protected":false},"excerpt":{"rendered":"<p>Texto:\u00a0Fenae Na tarde desta quinta-feira (24\/4), a Comiss\u00e3o Executiva de Empregados (CEE) da Caixa cobrou explica\u00e7\u00f5es da dire\u00e7\u00e3o do banco sobre a possibilidade das demiss\u00f5es de tr\u00eas mil telefonistas terceirizadas que prestam servi\u00e7os em ag\u00eancias banc\u00e1rias de todo o pa\u00eds. Para o coordenador da CEE\/Caixa, Rafael de Castro, os empregados foram pegos de surpresa, uma [&hellip;]<\/p>\n","protected":false},"author":2,"featured_media":16326,"comment_status":"","ping_status":"","sticky":false,"template":"","format":"standard","meta":{"footnotes":""},"categories":[3],"tags":[],"class_list":["post-16327","post","type-post","status-publish","format-standard","has-post-thumbnail","hentry","category-noticias"],"_links":{"self":[{"href":"https:\/\/hostnetart.com.br\/baixada\/wp-json\/wp\/v2\/posts\/16327","targetHints":{"allow":["GET"]}}],"collection":[{"href":"https:\/\/hostnetart.com.br\/baixada\/wp-json\/wp\/v2\/posts"}],"about":[{"href":"https:\/\/hostnetart.com.br\/baixada\/wp-json\/wp\/v2\/types\/post"}],"author":[{"embeddable":true,"href":"https:\/\/hostnetart.com.br\/baixada\/wp-json\/wp\/v2\/users\/2"}],"replies":[{"embeddable":true,"href":"https:\/\/hostnetart.com.br\/baixada\/wp-json\/wp\/v2\/comments?post=16327"}],"version-history":[{"count":0,"href":"https:\/\/hostnetart.com.br\/baixada\/wp-json\/wp\/v2\/posts\/16327\/revisions"}],"wp:featuredmedia":[{"embeddable":true,"href":"https:\/\/hostnetart.com.br\/baixada\/wp-json\/wp\/v2\/media\/16326"}],"wp:attachment":[{"href":"https:\/\/hostnetart.com.br\/baixada\/wp-json\/wp\/v2\/media?parent=16327"}],"wp:term":[{"taxonomy":"category","embeddable":true,"href":"https:\/\/hostnetart.com.br\/baixada\/wp-json\/wp\/v2\/categories?post=16327"},{"taxonomy":"post_tag","embeddable":true,"href":"https:\/\/hostnetart.com.br\/baixada\/wp-json\/wp\/v2\/tags?post=16327"}],"curies":[{"name":"wp","href":"https:\/\/api.w.org\/{rel}","templated":true}]}}