{"id":16325,"date":"2025-04-25T14:23:56","date_gmt":"2025-04-25T17:23:56","guid":{"rendered":"https:\/\/hostnetart.com.br\/baixada\/movimento-sindical-pressiona-fenaban-por-solucoes-contra-adoecimento-nos-bancos-em-negociacao-nesta-sexta-25\/"},"modified":"2025-04-25T14:23:56","modified_gmt":"2025-04-25T17:23:56","slug":"movimento-sindical-pressiona-fenaban-por-solucoes-contra-adoecimento-nos-bancos-em-negociacao-nesta-sexta-25","status":"publish","type":"post","link":"https:\/\/hostnetart.com.br\/baixada\/movimento-sindical-pressiona-fenaban-por-solucoes-contra-adoecimento-nos-bancos-em-negociacao-nesta-sexta-25\/","title":{"rendered":"Movimento Sindical pressiona Fenaban por solu\u00e7\u00f5es contra adoecimento nos bancos em negocia\u00e7\u00e3o nesta sexta (25)"},"content":{"rendered":"<p>A sa\u00fade e as condi\u00e7\u00f5es de trabalho dos banc\u00e1rios e banc\u00e1rias estar\u00e3o em pauta nesta sexta-feira (25), a partir das 10h, na Mesa de Sa\u00fade entre o Comando Nacional dos Banc\u00e1rios e a Federa\u00e7\u00e3o Nacional dos Bancos (Fenaban). A Confedera\u00e7\u00e3o Nacional dos Trabalhadores do Ramo Financeiro (Contraf-CUT), que integra o Comando, ter\u00e1 papel ativo nas discuss\u00f5es, refor\u00e7ando den\u00fancias e cobrando solu\u00e7\u00f5es urgentes para o crescente adoecimento da categoria.<\/p>\n<p>\u201cA Mesa de Sa\u00fade \u00e9 um espa\u00e7o de di\u00e1logo fundamental no processo de negocia\u00e7\u00e3o da Conven\u00e7\u00e3o Coletiva de Trabalho (CCT). Nesta reuni\u00e3o, em especial, vamos cobrar da Fenaban propostas concretas para garantir condi\u00e7\u00f5es dignas de trabalho e enfrentar o adoecimento que tem atingido os banc\u00e1rios de forma alarmante\u201d, afirma Mauro Salles, secret\u00e1rio de Sa\u00fade da Contraf-CUT.<\/p>\n<p>Os dados comprovam a gravidade do cen\u00e1rio. Embora representem apenas 0,8% do emprego formal no Brasil, os banc\u00e1rios concentram uma parcela expressiva dos afastamentos por doen\u00e7as relacionadas ao trabalho, especialmente quando se trata de transtornos mentais.<\/p>\n<p>Segundo informa\u00e7\u00f5es da plataforma Smartlab, com base em registros do INSS, somente em 2024 foram registrados 168,7 mil afastamentos acident\u00e1rios no pa\u00eds. Destes, 2,81% ocorreram na categoria banc\u00e1ria. J\u00e1 os afastamentos previdenci\u00e1rios somaram quase 2,2 milh\u00f5es, sendo 1,12% de banc\u00e1rios \u2014 o equivalente a 24.079 ocorr\u00eancias.<\/p>\n<p>Mais do que os n\u00fameros absolutos, chama aten\u00e7\u00e3o o tipo de adoecimento que afasta esses profissionais: as doen\u00e7as mentais e comportamentais j\u00e1 s\u00e3o a principal causa de afastamento entre banc\u00e1rios. Em 2024, elas representaram:<\/p>\n<ul>\n<li>\u00a055,9% dos afastamentos acident\u00e1rios na categoria;<\/li>\n<li>\u00a051,8% do total de afastamentos previdenci\u00e1rios.<\/li>\n<\/ul>\n<p>A situa\u00e7\u00e3o \u00e9 ainda mais cr\u00edtica entre os bancos m\u00faltiplos com carteira comercial, que ocupam:<\/p>\n<ul>\n<li>\u00a0A 1\u00aa posi\u00e7\u00e3o entre os afastamentos acident\u00e1rios por sa\u00fade mental, com 1.946 registros;<\/li>\n<li>\u00a0E a 5\u00aa coloca\u00e7\u00e3o entre os afastamentos previdenci\u00e1rios pelo mesmo motivo, com 8.345 ocorr\u00eancias.<\/li>\n<\/ul>\n<p>Outros setores financeiros tamb\u00e9m aparecem entre os mais afetados. Os bancos comerciais e a Caixa Econ\u00f4mica figuram na 6\u00aa e 7\u00aa posi\u00e7\u00f5es, respectivamente, em afastamentos acident\u00e1rios por transtornos mentais, com 269 e 253 casos.<\/p>\n<p>Vale ressaltar que este cen\u00e1rio marca uma mudan\u00e7a significativa em rela\u00e7\u00e3o a 2012, quando os afastamentos entre banc\u00e1rios eram motivados majoritariamente por doen\u00e7as osteomusculares e do tecido conjuntivo, que somavam 48,9% naquele ano.<\/p>\n<p>A Contraf-CUT reafirma a necessidade de mudan\u00e7as estruturais. \u201cN\u00e3o podemos mais ignorar a sa\u00fade mental. Os bancos precisam parar de tratar o sofrimento dos trabalhadores como algo invis\u00edvel e assumir a responsabilidade sobre o impacto que seus modelos de gest\u00e3o t\u00eam causado na vida dos trabalhadores. A sa\u00fade mental e f\u00edsica dos banc\u00e1rios deve ser prioridade. Vamos seguir exigindo pol\u00edticas efetivas de preven\u00e7\u00e3o e cuidado e pressionar por compromissos reais e n\u00e3o apenas promessas\u201d, conclui Mauro Salles.<\/p>\n<p><strong>Fonte: Contraf-CUT<\/strong><\/p>\n","protected":false},"excerpt":{"rendered":"<p>A sa\u00fade e as condi\u00e7\u00f5es de trabalho dos banc\u00e1rios e banc\u00e1rias estar\u00e3o em pauta nesta sexta-feira (25), a partir das 10h, na Mesa de Sa\u00fade entre o Comando Nacional dos Banc\u00e1rios e a Federa\u00e7\u00e3o Nacional dos Bancos (Fenaban). A Confedera\u00e7\u00e3o Nacional dos Trabalhadores do Ramo Financeiro (Contraf-CUT), que integra o Comando, ter\u00e1 papel ativo nas [&hellip;]<\/p>\n","protected":false},"author":2,"featured_media":16324,"comment_status":"","ping_status":"","sticky":false,"template":"","format":"standard","meta":{"footnotes":""},"categories":[3],"tags":[],"class_list":["post-16325","post","type-post","status-publish","format-standard","has-post-thumbnail","hentry","category-noticias"],"_links":{"self":[{"href":"https:\/\/hostnetart.com.br\/baixada\/wp-json\/wp\/v2\/posts\/16325","targetHints":{"allow":["GET"]}}],"collection":[{"href":"https:\/\/hostnetart.com.br\/baixada\/wp-json\/wp\/v2\/posts"}],"about":[{"href":"https:\/\/hostnetart.com.br\/baixada\/wp-json\/wp\/v2\/types\/post"}],"author":[{"embeddable":true,"href":"https:\/\/hostnetart.com.br\/baixada\/wp-json\/wp\/v2\/users\/2"}],"replies":[{"embeddable":true,"href":"https:\/\/hostnetart.com.br\/baixada\/wp-json\/wp\/v2\/comments?post=16325"}],"version-history":[{"count":0,"href":"https:\/\/hostnetart.com.br\/baixada\/wp-json\/wp\/v2\/posts\/16325\/revisions"}],"wp:featuredmedia":[{"embeddable":true,"href":"https:\/\/hostnetart.com.br\/baixada\/wp-json\/wp\/v2\/media\/16324"}],"wp:attachment":[{"href":"https:\/\/hostnetart.com.br\/baixada\/wp-json\/wp\/v2\/media?parent=16325"}],"wp:term":[{"taxonomy":"category","embeddable":true,"href":"https:\/\/hostnetart.com.br\/baixada\/wp-json\/wp\/v2\/categories?post=16325"},{"taxonomy":"post_tag","embeddable":true,"href":"https:\/\/hostnetart.com.br\/baixada\/wp-json\/wp\/v2\/tags?post=16325"}],"curies":[{"name":"wp","href":"https:\/\/api.w.org\/{rel}","templated":true}]}}