{"id":16321,"date":"2025-04-25T14:10:51","date_gmt":"2025-04-25T17:10:51","guid":{"rendered":"https:\/\/hostnetart.com.br\/baixada\/coe-itau-negocia-pcr-nesta-sexta-feira\/"},"modified":"2025-04-25T14:10:51","modified_gmt":"2025-04-25T17:10:51","slug":"coe-itau-negocia-pcr-nesta-sexta-feira","status":"publish","type":"post","link":"https:\/\/hostnetart.com.br\/baixada\/coe-itau-negocia-pcr-nesta-sexta-feira\/","title":{"rendered":"COE Ita\u00fa negocia PCR nesta sexta-feira"},"content":{"rendered":"<p>O Ita\u00fa convocou a Comiss\u00e3o de Organiza\u00e7\u00e3o dos Empregados (COE Ita\u00fa) para uma negocia\u00e7\u00e3o nesta sexta-feira (25), \u00e0s 15h, com o tema Programa Complementar de Resultados (PCR).<\/p>\n<p>Na \u00faltima proposta apresentada pelo Ita\u00fa, o reajuste do PCR foi limitado \u00e0 reposi\u00e7\u00e3o da infla\u00e7\u00e3o de fevereiro, o que gerou frustra\u00e7\u00e3o entre os banc\u00e1rios. A expectativa agora \u00e9 que o banco apresente uma proposta que, de fato, valorize seus trabalhadores \u2014 aqueles que s\u00e3o diretamente respons\u00e1veis pelos resultados crescentes da institui\u00e7\u00e3o.<\/p>\n<p>\u201cEsperamos que o Ita\u00fa traga uma proposta que reconhe\u00e7a o esfor\u00e7o dos trabalhadores e v\u00e1 al\u00e9m da reposi\u00e7\u00e3o inflacion\u00e1ria. O lucro do banco cresce ano ap\u00f3s ano, mas esse crescimento tem sido sustentado \u00e0s custas do adoecimento e da sobrecarga de seus funcion\u00e1rios\u201d, afirma a coordenadora da COE Ita\u00fa, Valeska Pincovai.<\/p>\n<p><strong>Fonte: Contraf-CUT<\/strong><\/p>\n","protected":false},"excerpt":{"rendered":"<p>O Ita\u00fa convocou a Comiss\u00e3o de Organiza\u00e7\u00e3o dos Empregados (COE Ita\u00fa) para uma negocia\u00e7\u00e3o nesta sexta-feira (25), \u00e0s 15h, com o tema Programa Complementar de Resultados (PCR). Na \u00faltima proposta apresentada pelo Ita\u00fa, o reajuste do PCR foi limitado \u00e0 reposi\u00e7\u00e3o da infla\u00e7\u00e3o de fevereiro, o que gerou frustra\u00e7\u00e3o entre os banc\u00e1rios. A expectativa agora [&hellip;]<\/p>\n","protected":false},"author":2,"featured_media":16320,"comment_status":"","ping_status":"","sticky":false,"template":"","format":"standard","meta":{"footnotes":""},"categories":[3],"tags":[],"class_list":["post-16321","post","type-post","status-publish","format-standard","has-post-thumbnail","hentry","category-noticias"],"_links":{"self":[{"href":"https:\/\/hostnetart.com.br\/baixada\/wp-json\/wp\/v2\/posts\/16321","targetHints":{"allow":["GET"]}}],"collection":[{"href":"https:\/\/hostnetart.com.br\/baixada\/wp-json\/wp\/v2\/posts"}],"about":[{"href":"https:\/\/hostnetart.com.br\/baixada\/wp-json\/wp\/v2\/types\/post"}],"author":[{"embeddable":true,"href":"https:\/\/hostnetart.com.br\/baixada\/wp-json\/wp\/v2\/users\/2"}],"replies":[{"embeddable":true,"href":"https:\/\/hostnetart.com.br\/baixada\/wp-json\/wp\/v2\/comments?post=16321"}],"version-history":[{"count":0,"href":"https:\/\/hostnetart.com.br\/baixada\/wp-json\/wp\/v2\/posts\/16321\/revisions"}],"wp:featuredmedia":[{"embeddable":true,"href":"https:\/\/hostnetart.com.br\/baixada\/wp-json\/wp\/v2\/media\/16320"}],"wp:attachment":[{"href":"https:\/\/hostnetart.com.br\/baixada\/wp-json\/wp\/v2\/media?parent=16321"}],"wp:term":[{"taxonomy":"category","embeddable":true,"href":"https:\/\/hostnetart.com.br\/baixada\/wp-json\/wp\/v2\/categories?post=16321"},{"taxonomy":"post_tag","embeddable":true,"href":"https:\/\/hostnetart.com.br\/baixada\/wp-json\/wp\/v2\/tags?post=16321"}],"curies":[{"name":"wp","href":"https:\/\/api.w.org\/{rel}","templated":true}]}}