{"id":16315,"date":"2025-04-24T14:23:43","date_gmt":"2025-04-24T17:23:43","guid":{"rendered":"https:\/\/hostnetart.com.br\/baixada\/projeto-teia-suspenso-prazo-de-implementacao-das-mudancas\/"},"modified":"2025-04-24T14:23:43","modified_gmt":"2025-04-24T17:23:43","slug":"projeto-teia-suspenso-prazo-de-implementacao-das-mudancas","status":"publish","type":"post","link":"https:\/\/hostnetart.com.br\/baixada\/projeto-teia-suspenso-prazo-de-implementacao-das-mudancas\/","title":{"rendered":"Projeto Teia: Suspenso prazo de implementa\u00e7\u00e3o das mudan\u00e7as"},"content":{"rendered":"<\/p>\n<p>A Caixa Econ\u00f4mica Federal informou \u00e0 Contraf-CUT, nesta quarta-feira (23), que vai <a href=\"https:\/\/contrafcut.com.br\/noticias\/projeto-teia-empregados-cobram-garantias-e-explicacoes-sobre-mudancas\/\" target=\"_blank\" rel=\"noopener noreferrer\">acatar a reivindica\u00e7\u00e3o da representa\u00e7\u00e3o sindical<\/a>\u00a0das empregadas e empregados e vai suspender o prazo de in\u00edcio da implementa\u00e7\u00e3o das mudan\u00e7as no programa Transforma\u00e7\u00e3o, Engajamento, Inova\u00e7\u00e3o e Aprendizado (Teia), criado para conduzir a Caixa \u00e0 transforma\u00e7\u00e3o digital.<\/p>\n<p>\u201cA suspens\u00e3o \u00e9 importante para que o banco explique a vincula\u00e7\u00e3o do programa com a renova\u00e7\u00e3o tecnol\u00f3gica e de processos de trabalho\u201d, disse o diretor da Contraf-CUT e coordenador da Comiss\u00e3o Executiva dos Empregados (CEE) da Caixa, Rafael de Castro, ao informar que ser\u00e1 criado um grupo de trabalho para definir a remodela\u00e7\u00e3o do programa e a comunica\u00e7\u00e3o do programa. \u201c\u00c9 importante que a representa\u00e7\u00e3o dos trabalhadores fa\u00e7a parte deste grupo de trabalho\u201d, ressaltou.<\/p>\n<p>Os vice-presidentes de Varejo e de Pessoas da Caixa, Adriano Assis Matias e Francisco Egidio Pel\u00facio Martins, respectivamente, tamb\u00e9m assumiram que n\u00e3o haver\u00e1 retalia\u00e7\u00f5es com quem optar por voltar para as unidades de origem.<\/p>\n<p>\u201cTamb\u00e9m \u00e9 importante que os gestores tenham assumido esse compromisso, mas eles podem amanh\u00e3, ou depois, n\u00e3o estarem mais no banco. \u00c9 preciso que a Caixa assuma de forma clara essa decis\u00e3o\u201d, cobrou o coordenador da CEE. \u201cJ\u00e1 obtivemos avan\u00e7os nesta negocia\u00e7\u00e3o, mas ainda esperamos que o banco se comprometa que ningu\u00e9m ser\u00e1 prejudicado\u201d, completou.<\/p>\n<p>\u201cO di\u00e1logo mostra a maturidade de ambas as partes. E quem sai ganhando com isso \u00e9 o banco e especialmente os seus empregados\u201d, avaliou a representante eleita pelos trabalhadores para o Conselho de Administra\u00e7\u00e3o da Caixa.<\/p>\n<h2><strong>Diz a\u00ed!<\/strong><\/h2>\n<p>Como est\u00e3o ocorrendo as mudan\u00e7as a\u00ed na sua c\u00e9lula, no seu time, na sua unidade? Entre em contato com um dirigente sindical da sua localidade e passe seu relato sobre as mudan\u00e7as no Teia.<\/p>\n<p><strong>Fonte: Contraf-CUT<\/strong><\/p>\n","protected":false},"excerpt":{"rendered":"<p>A Caixa Econ\u00f4mica Federal informou \u00e0 Contraf-CUT, nesta quarta-feira (23), que vai acatar a reivindica\u00e7\u00e3o da representa\u00e7\u00e3o sindical\u00a0das empregadas e empregados e vai suspender o prazo de in\u00edcio da implementa\u00e7\u00e3o das mudan\u00e7as no programa Transforma\u00e7\u00e3o, Engajamento, Inova\u00e7\u00e3o e Aprendizado (Teia), criado para conduzir a Caixa \u00e0 transforma\u00e7\u00e3o digital. \u201cA suspens\u00e3o \u00e9 importante para que o [&hellip;]<\/p>\n","protected":false},"author":2,"featured_media":16314,"comment_status":"","ping_status":"","sticky":false,"template":"","format":"standard","meta":{"footnotes":""},"categories":[3],"tags":[],"class_list":["post-16315","post","type-post","status-publish","format-standard","has-post-thumbnail","hentry","category-noticias"],"_links":{"self":[{"href":"https:\/\/hostnetart.com.br\/baixada\/wp-json\/wp\/v2\/posts\/16315","targetHints":{"allow":["GET"]}}],"collection":[{"href":"https:\/\/hostnetart.com.br\/baixada\/wp-json\/wp\/v2\/posts"}],"about":[{"href":"https:\/\/hostnetart.com.br\/baixada\/wp-json\/wp\/v2\/types\/post"}],"author":[{"embeddable":true,"href":"https:\/\/hostnetart.com.br\/baixada\/wp-json\/wp\/v2\/users\/2"}],"replies":[{"embeddable":true,"href":"https:\/\/hostnetart.com.br\/baixada\/wp-json\/wp\/v2\/comments?post=16315"}],"version-history":[{"count":0,"href":"https:\/\/hostnetart.com.br\/baixada\/wp-json\/wp\/v2\/posts\/16315\/revisions"}],"wp:featuredmedia":[{"embeddable":true,"href":"https:\/\/hostnetart.com.br\/baixada\/wp-json\/wp\/v2\/media\/16314"}],"wp:attachment":[{"href":"https:\/\/hostnetart.com.br\/baixada\/wp-json\/wp\/v2\/media?parent=16315"}],"wp:term":[{"taxonomy":"category","embeddable":true,"href":"https:\/\/hostnetart.com.br\/baixada\/wp-json\/wp\/v2\/categories?post=16315"},{"taxonomy":"post_tag","embeddable":true,"href":"https:\/\/hostnetart.com.br\/baixada\/wp-json\/wp\/v2\/tags?post=16315"}],"curies":[{"name":"wp","href":"https:\/\/api.w.org\/{rel}","templated":true}]}}