{"id":16311,"date":"2025-04-17T15:47:37","date_gmt":"2025-04-17T18:47:37","guid":{"rendered":"https:\/\/hostnetart.com.br\/baixada\/dia-nacional-de-luta-em-defesa-da-previ-trabalhadores-do-bb-realizam-protestos-pelo-pais\/"},"modified":"2025-04-17T15:47:37","modified_gmt":"2025-04-17T18:47:37","slug":"dia-nacional-de-luta-em-defesa-da-previ-trabalhadores-do-bb-realizam-protestos-pelo-pais","status":"publish","type":"post","link":"https:\/\/hostnetart.com.br\/baixada\/dia-nacional-de-luta-em-defesa-da-previ-trabalhadores-do-bb-realizam-protestos-pelo-pais\/","title":{"rendered":"Dia Nacional de Luta em defesa da Previ: trabalhadores do BB realizam protestos pelo pa\u00eds"},"content":{"rendered":"<p>A categoria banc\u00e1ria realizou, nesta quarta-feira (16), data em que a caixa de previd\u00eancia dos trabalhadores do Banco do Brasil, a Previ, faz anivers\u00e1rio, protestos em v\u00e1rias partes do pa\u00eds em defesa da entidade. A principal concentra\u00e7\u00e3o ocorreu em frente \u00e0 sede da Previ, no Rio de Janeiro.<\/p>\n<p><strong>&#8220;\u00c9 dia de comemorar os 121 anos da Previ, mas tamb\u00e9m de nos engajarmos pela defesa da nossa entidade&#8221;<\/strong>, explica a coordenadora da Comiss\u00e3o de Empresa dos Funcion\u00e1rios do BB (CEBB), Fernanda Lopes, diante de uma\u00a0<a href=\"https:\/\/contrafcut.com.br\/noticias\/contraf-cut-ministro-do-tcu-ignora-relatorio-solicitado-por-ele-mesmo-em-auditoria-na-previ\/\" target=\"_blank\" rel=\"noopener noreferrer\">s\u00e9rie de ataques que a entidade passou a receber<\/a>, mais fortemente, nos \u00faltimos meses, por meio de manobras no Tribunal de Contas da Uni\u00e3o (TCU) e de ve\u00edculos da grande imprensa.<br \/><strong><br \/>Atualmente, a Previ administra R$ 270 bilh\u00f5es de 200 mil associados e associadas. \u00c9 tamb\u00e9m o maior fundo de pens\u00e3o fechado da Am\u00e9rica Latina e refer\u00eancia de gest\u00e3o para outras entidades semelhantes pelo mundo.\u00a0<\/strong>&#8220;J\u00e1 estamos acostumados, ao longo de todos esses anos, com as tentativas de agentes externos de repassar a gest\u00e3o da Previ para as m\u00e3os do mercado. Hoje esta gest\u00e3o \u00e9 inteiramente feita pelos pr\u00f3prios associados e associadas, sejam eleitos ou indicados pelo patrocinador, que \u00e9 o Banco do Brasil. Essas movimenta\u00e7\u00f5es de alijar os associados da gest\u00e3o da Previ ficaram mais fortes no per\u00edodo recente&#8221;, destaca Fernanda Lopes.<\/p>\n<p><a href=\"https:\/\/contrafcut.com.br\/noticias\/ao-mirar-na-previ-tcu-pratica-desvio-de-funcao-e-expoe-seu-limitado-conhecimento-sobre-o-sistema-de-previdencia-fechado\/\" target=\"_blank\" rel=\"noopener noreferrer\">Desde fevereiro, a Previ est\u00e1 sob auditoria do TCU<\/a>.<strong>\u00a0&#8220;N\u00f3s n\u00e3o somos contra as auditorias. Ali\u00e1s, defendemos e s\u00e3o realizadas constantemente, por agentes externos e internos \u00e0 Previ. Por\u00e9m, o que nos chamou a aten\u00e7\u00e3o foi a maneira como foi decidida e a forma como est\u00e1 sendo divulgada por um grande meio de comunica\u00e7\u00e3o, em espec\u00edfico, na tentativa de criar p\u00e2nico entre os associados e que poderia colocar em risco o modelo de gest\u00e3o de sucesso da Previ&#8221;<\/strong>, observa Fernanda Lopes.<\/p>\n<p>A Previ j\u00e1 entregou \u00e0 entidade auditora, indicada pelo TCU, mais de 2 mil documentos. O relat\u00f3rio preliminar encaminhado \u00e0 Corte n\u00e3o registrou nenhuma irregularidade na Previ. Ainda assim, no dia 9 de abril,<a href=\"https:\/\/contrafcut.com.br\/noticias\/contraf-cut-ministro-do-tcu-ignora-relatorio-solicitado-por-ele-mesmo-em-auditoria-na-previ\/\" target=\"_blank\" rel=\"noopener noreferrer\">\u00a0o plen\u00e1rio do TCU aprovou uma amplia\u00e7\u00e3o da auditoria<\/a>, com argumentos que contrariam os resultados da pr\u00f3pria auditoria preliminar.<\/p>\n<p><strong>Diante desses fatos, os funcion\u00e1rios e funcion\u00e1rias do Banco do Brasil realizaram o seguinte levantamento:<\/strong><\/p>\n<ul>\n<li>Desde o in\u00edcio de fevereiro, um meio de comunica\u00e7\u00e3o em destaque no pa\u00eds publicou mais de 50 mat\u00e9rias com ataques \u00e0 Previ;<\/li>\n<li>O bombardeio coincide com uma ofensiva de ministros\u00a0TCU contra a Previ, cujo cap\u00edtulo mais recente foi o voto pol\u00edtico de um deles;<\/li>\n<li>Em sua decis\u00e3o, o decano contrariou o relat\u00f3rio t\u00e9cnico do pr\u00f3prio TCU;<\/li>\n<li>Por coincid\u00eancia, presidente executivo do conselho do meio de comunica\u00e7\u00e3o indicado acima\u00a0\u00e9 sogro de um outro ministro do TCU;<\/li>\n<li>Ministro esse\u00a0que fez grande articula\u00e7\u00e3o com pol\u00edticos, pessoas do mercado financeiro e de fundos de pens\u00e3o, incluindo a Previ, para ser indicado presidente da Vale;<\/li>\n<li>Entretanto, outro nome foi eleito pelo Conselho da Administra\u00e7\u00e3o, onde a Previ tem participa\u00e7\u00e3o acion\u00e1ria;<\/li>\n<li>Al\u00e9m desses fatos, em meados do ano passado, o Banco do Brasil decidiu n\u00e3o renovar contrato de publicidade com o referido meio de comunica\u00e7\u00e3o, que mais tem dado espa\u00e7o aos ataques contra a Previ e menos espa\u00e7o para que a Previ se defenda nas mat\u00e9rias.<\/li>\n<\/ul>\n<p><strong>&#8220;Nossas manifesta\u00e7\u00f5es de hoje tiveram como objetivo ampliar essas informa\u00e7\u00f5es para nossos colegas, associados e associadas da Previ, e requerer de uma institui\u00e7\u00e3o t\u00e3o importante e necess\u00e1ria \u00e0 democracia, que \u00e9 o TCU, uma an\u00e1lise coerente e baseada nos dados t\u00e9cnicos e n\u00e3o por motiva\u00e7\u00f5es pol\u00edticas, tamb\u00e9m exigimos que os meios de comunica\u00e7\u00e3o deem espa\u00e7o justo para que a Previ e os associados e associadas da entidade em suas publica\u00e7\u00f5es&#8221;,<\/strong>\u00a0conclui Fernanda Lopes.<\/p>\n<p><em><strong>Fonte: Contraf-CUT<\/strong><\/em><\/p>\n","protected":false},"excerpt":{"rendered":"<p>A categoria banc\u00e1ria realizou, nesta quarta-feira (16), data em que a caixa de previd\u00eancia dos trabalhadores do Banco do Brasil, a Previ, faz anivers\u00e1rio, protestos em v\u00e1rias partes do pa\u00eds em defesa da entidade. A principal concentra\u00e7\u00e3o ocorreu em frente \u00e0 sede da Previ, no Rio de Janeiro. &#8220;\u00c9 dia de comemorar os 121 anos [&hellip;]<\/p>\n","protected":false},"author":2,"featured_media":16310,"comment_status":"","ping_status":"","sticky":false,"template":"","format":"standard","meta":{"footnotes":""},"categories":[3],"tags":[],"class_list":["post-16311","post","type-post","status-publish","format-standard","has-post-thumbnail","hentry","category-noticias"],"_links":{"self":[{"href":"https:\/\/hostnetart.com.br\/baixada\/wp-json\/wp\/v2\/posts\/16311","targetHints":{"allow":["GET"]}}],"collection":[{"href":"https:\/\/hostnetart.com.br\/baixada\/wp-json\/wp\/v2\/posts"}],"about":[{"href":"https:\/\/hostnetart.com.br\/baixada\/wp-json\/wp\/v2\/types\/post"}],"author":[{"embeddable":true,"href":"https:\/\/hostnetart.com.br\/baixada\/wp-json\/wp\/v2\/users\/2"}],"replies":[{"embeddable":true,"href":"https:\/\/hostnetart.com.br\/baixada\/wp-json\/wp\/v2\/comments?post=16311"}],"version-history":[{"count":0,"href":"https:\/\/hostnetart.com.br\/baixada\/wp-json\/wp\/v2\/posts\/16311\/revisions"}],"wp:featuredmedia":[{"embeddable":true,"href":"https:\/\/hostnetart.com.br\/baixada\/wp-json\/wp\/v2\/media\/16310"}],"wp:attachment":[{"href":"https:\/\/hostnetart.com.br\/baixada\/wp-json\/wp\/v2\/media?parent=16311"}],"wp:term":[{"taxonomy":"category","embeddable":true,"href":"https:\/\/hostnetart.com.br\/baixada\/wp-json\/wp\/v2\/categories?post=16311"},{"taxonomy":"post_tag","embeddable":true,"href":"https:\/\/hostnetart.com.br\/baixada\/wp-json\/wp\/v2\/tags?post=16311"}],"curies":[{"name":"wp","href":"https:\/\/api.w.org\/{rel}","templated":true}]}}