{"id":16309,"date":"2025-04-17T15:18:34","date_gmt":"2025-04-17T18:18:34","guid":{"rendered":"https:\/\/hostnetart.com.br\/baixada\/sindicato-dos-bancarios-da-baixada-fluminense-visita-agencias-para-entrega-do-jornal-unidade-2\/"},"modified":"2025-04-17T15:18:34","modified_gmt":"2025-04-17T18:18:34","slug":"sindicato-dos-bancarios-da-baixada-fluminense-visita-agencias-para-entrega-do-jornal-unidade-2","status":"publish","type":"post","link":"https:\/\/hostnetart.com.br\/baixada\/sindicato-dos-bancarios-da-baixada-fluminense-visita-agencias-para-entrega-do-jornal-unidade-2\/","title":{"rendered":"Sindicato dos Banc\u00e1rios da Baixada Fluminense visita ag\u00eancias para entrega do &#8220;Jornal Unidade&#8221;"},"content":{"rendered":"<p>O Sindicato dos Banc\u00e1rios da Baixada Fluminense visitou ag\u00eancias de sua base para entregar o\u00a0<strong><em>Jornal \u201cUnidade\u201d<\/em><\/strong>, um informativo da\u00a0da Federa\u00e7\u00e3o dos Trabalhadores do Ramo Financeiro dos Estados do Rio de Janeiro e Esp\u00edrito Santo (<strong>Fetraf RJ\/ES<\/strong>).<\/p>\n<p>Ele \u00e9 o mais\u00a0novo canal de comunica\u00e7\u00e3o para as bases regionais dos Sindicatos filiados \u00e0 Federa\u00e7\u00e3o.<\/p>\n<p><span style=\"font-size: 12.16px;\">O jornal \u00e9 mensal e ser\u00e1 disponibilizado de forma virtual e distribu\u00eddo de maneira impressa.<\/span><\/p>\n<p><span style=\"font-size: 12.16px;\">Os Sindicatos dos Banc\u00e1rios da Fetraf RJ\/ES, s\u00e3o:\u00a0<\/span><strong style=\"font-size: 12.16px;\">Angra dos Reis<\/strong><span style=\"font-size: 12.16px;\">\u00a0e Regi\u00e3o,\u00a0<\/span><strong style=\"font-size: 12.16px;\">Baixada Fluminense<\/strong><span style=\"font-size: 12.16px;\">,\u00a0<\/span><strong style=\"font-size: 12.16px;\">Esp\u00edrito Santo<\/strong><span style=\"font-size: 12.16px;\">,\u00a0<\/span><strong style=\"font-size: 12.16px;\">Itaperuna<\/strong><span style=\"font-size: 12.16px;\">\u00a0e Regi\u00e3o,\u00a0<\/span><strong style=\"font-size: 12.16px;\">Maca\u00e9<\/strong><span style=\"font-size: 12.16px;\">\u00a0e Regi\u00e3o,\u00a0<\/span><strong style=\"font-size: 12.16px;\">Nova Friburgo<\/strong><span style=\"font-size: 12.16px;\">\u00a0e Regi\u00e3o e\u00a0<\/span><strong style=\"font-size: 12.16px;\">Tr\u00eas Rios<\/strong><span style=\"font-size: 12.16px;\">\u00a0e Regi\u00e3o.<\/span><\/p>\n<p>No Jornal \u201c<em>Unidade<\/em>\u201d, os trabalhadores encontrar\u00e3o as not\u00edcias e destaques mais importantes de suas regi\u00f5es, dos bancos em que trabalham e da categoria banc\u00e1ria, em geral.<\/p>\n<p>Al\u00e9m disso, os trabalhadores ser\u00e3o ouvidos e informados sobre as conquistas do Movimento Sindical, atrav\u00e9s dos Sindicatos, Federa\u00e7\u00f5es e Confedera\u00e7\u00e3o.<\/p>\n<p><em>*confira as fotos em nossas redes sociais<\/em><\/p>\n","protected":false},"excerpt":{"rendered":"<p>O Sindicato dos Banc\u00e1rios da Baixada Fluminense visitou ag\u00eancias de sua base para entregar o\u00a0Jornal \u201cUnidade\u201d, um informativo da\u00a0da Federa\u00e7\u00e3o dos Trabalhadores do Ramo Financeiro dos Estados do Rio de Janeiro e Esp\u00edrito Santo (Fetraf RJ\/ES). Ele \u00e9 o mais\u00a0novo canal de comunica\u00e7\u00e3o para as bases regionais dos Sindicatos filiados \u00e0 Federa\u00e7\u00e3o. O jornal \u00e9 [&hellip;]<\/p>\n","protected":false},"author":2,"featured_media":16308,"comment_status":"","ping_status":"","sticky":false,"template":"","format":"standard","meta":{"footnotes":""},"categories":[3],"tags":[],"class_list":["post-16309","post","type-post","status-publish","format-standard","has-post-thumbnail","hentry","category-noticias"],"_links":{"self":[{"href":"https:\/\/hostnetart.com.br\/baixada\/wp-json\/wp\/v2\/posts\/16309","targetHints":{"allow":["GET"]}}],"collection":[{"href":"https:\/\/hostnetart.com.br\/baixada\/wp-json\/wp\/v2\/posts"}],"about":[{"href":"https:\/\/hostnetart.com.br\/baixada\/wp-json\/wp\/v2\/types\/post"}],"author":[{"embeddable":true,"href":"https:\/\/hostnetart.com.br\/baixada\/wp-json\/wp\/v2\/users\/2"}],"replies":[{"embeddable":true,"href":"https:\/\/hostnetart.com.br\/baixada\/wp-json\/wp\/v2\/comments?post=16309"}],"version-history":[{"count":0,"href":"https:\/\/hostnetart.com.br\/baixada\/wp-json\/wp\/v2\/posts\/16309\/revisions"}],"wp:featuredmedia":[{"embeddable":true,"href":"https:\/\/hostnetart.com.br\/baixada\/wp-json\/wp\/v2\/media\/16308"}],"wp:attachment":[{"href":"https:\/\/hostnetart.com.br\/baixada\/wp-json\/wp\/v2\/media?parent=16309"}],"wp:term":[{"taxonomy":"category","embeddable":true,"href":"https:\/\/hostnetart.com.br\/baixada\/wp-json\/wp\/v2\/categories?post=16309"},{"taxonomy":"post_tag","embeddable":true,"href":"https:\/\/hostnetart.com.br\/baixada\/wp-json\/wp\/v2\/tags?post=16309"}],"curies":[{"name":"wp","href":"https:\/\/api.w.org\/{rel}","templated":true}]}}