{"id":16305,"date":"2025-04-15T12:59:12","date_gmt":"2025-04-15T15:59:12","guid":{"rendered":"https:\/\/hostnetart.com.br\/baixada\/nova-diretoria-do-seeb-rio-de-janeiro-e-eleita-com-92-10-dos-votos\/"},"modified":"2025-04-15T12:59:12","modified_gmt":"2025-04-15T15:59:12","slug":"nova-diretoria-do-seeb-rio-de-janeiro-e-eleita-com-92-10-dos-votos","status":"publish","type":"post","link":"https:\/\/hostnetart.com.br\/baixada\/nova-diretoria-do-seeb-rio-de-janeiro-e-eleita-com-92-10-dos-votos\/","title":{"rendered":"Nova diretoria do Seeb\/Rio de Janeiro \u00e9 eleita com 92,10% dos votos"},"content":{"rendered":"<p>Ao obter 92,10% dos votos de banc\u00e1rios e banc\u00e1rias que participaram do pleito virtual que come\u00e7ou na segunda-feira (7\/4) e terminou nesta sexta-feira (11\/4), \u00e0s 17 horas, a Chapa 1 \u2013 Unidade na Luta, venceu as elei\u00e7\u00f5es para a diretoria do Sindicato dos Banc\u00e1rios e Financi\u00e1rios do Rio de Janeiro (Seeb\/Rio). \u201cDeclaro vitoriosa a Chapa 1. Foi uma elei\u00e7\u00e3o tranquila, com a participa\u00e7\u00e3o de um qu\u00f3rum expressivo de 66,80% dos aptos a votar\u201d, afirmou a presidenta da Comiss\u00e3o Eleitoral, Fernanda Carisio, ao final da apura\u00e7\u00e3o dos votos, que foi acompanhada por representantes de diretores de sindicatos de banc\u00e1rios de todo o estado do Rio de Janeiro, da Contraf-CUT, das federa\u00e7\u00f5es banc\u00e1rias Federa-RJ e Fetraf, da CUT, da CTB e da Intersindical, al\u00e9m dos vereadores do PT, Leonel Quirino e Igor Feio.<\/p>\n<p>Jos\u00e9 Ferreira, reeleito para ocupar o cargo de presidente do sindicato at\u00e9 2029, parabenizou todas as for\u00e7as pol\u00edticas que entenderam a necessidade de formar uma chapa de unidade em um momento dif\u00edcil para a categoria banc\u00e1ria, para todos os trabalhadores e para a democracia. \u201cA conjuntura que vivemos exige de n\u00f3s superar as diverg\u00eancias entre as esquerdas para combater o neoliberalismo, o bolsonarismo e a ultradireita\u201d, afirmou durante discurso logo ap\u00f3s o an\u00fancio do resultado da elei\u00e7\u00e3o. \u201cApostamos em ter uma chapa de unidade de todas as for\u00e7as para sinalizar esta necessidade para os demais sindicatos e toda a sociedade\u201d, argumentou o presidente reeleito do Seeb\/Rio, representando a corrente pol\u00edtica Articula\u00e7\u00e3o.<\/p>\n<p>A vice-presidente do sindicato, K\u00e1tia Branco, da CTB, tamb\u00e9m reeleita, frisou que a grande participa\u00e7\u00e3o da categoria na elei\u00e7\u00e3o e a expressiva vota\u00e7\u00e3o da Chapa 1, mostrou o apoio \u00e0 ideia da chapa de unidade. \u201cFoi uma honra termos recebido 92% dos votos. Banc\u00e1rios e banc\u00e1rias deram com isto o recado de que querem fortalecer a luta por mais direitos, em defesa do emprego, pelo fim do ass\u00e9dio moral, e que, para isto entendem que \u00e9 vital eleger uma chapa de unidade das for\u00e7as pol\u00edticas presentes na categoria\u201d, afirmou.<\/p>\n<h2><strong>Unidade fortalece o Sindicato<\/strong><\/h2>\n<p>Cleyde Magno, da corrente pol\u00edtica Enfrente, disse que o compromisso com a categoria \u00e9 o principal motivo que fez com que a sua for\u00e7a pol\u00edtica estivesse nesta chapa. \u201cE tamb\u00e9m a necessidade de unir as v\u00e1rias vis\u00f5es pol\u00edticas em defesa da democracia\u201d, afirmou. \u201cA grande participa\u00e7\u00e3o da categoria mostra o acerto da nossa pol\u00edtica de frente ampla com grande n\u00famero de for\u00e7as presentes na chapa. Agradecemos aos banc\u00e1rios pela participa\u00e7\u00e3o e reconhecimento\u201d, disse.<\/p>\n<p>Para S\u00e9rgio Amorim, da CSD, a vit\u00f3ria da Chapa 1 \u00e9 a vit\u00f3ria da categoria banc\u00e1ria por melhores condi\u00e7\u00f5es de vida, por mais direitos e pela democracia. \u201cE a elei\u00e7\u00e3o daqui \u00e9 uma sinaliza\u00e7\u00e3o importante para outros setores da sociedade de que precisamos estar unidos para defender a sobreviv\u00eancia da democracia. Termos obtido mais de 90% dos votos mostra que foi acertada a proposta da unidade\u201d, avaliou.<br \/>Jacy Menezes, da Intersindical, disse que a vota\u00e7\u00e3o mostrou que o banc\u00e1rio sabe que o sindicato d\u00e1 certo com a presen\u00e7a de todos os setores em sua diretoria. \u201cAs diverg\u00eancias existem, mas \u00e9 importante entender que a unidade \u00e9 o melhor para a nossa categoria\u201d, afirmou Jacy. J\u00falio Castro, de posi\u00e7\u00e3o independente, frisou que a unidade \u00e9 importante para fortalecer o sindicato. \u201cEsta \u00e9 a casa do trabalhador. Por isto, podemos divergir, mas temos que estar todos aqui\u201d, argumentou.<\/p>\n<h2><strong>Derrotar a extrema-direita<\/strong><\/h2>\n<p>J\u00e1 o vice-presidente da Contraf-CUT, Vin\u00edcius Assump\u00e7\u00e3o, disse que n\u00e3o h\u00e1 maior prova do apoio dos banc\u00e1rios e banc\u00e1rias \u00e0 diretoria eleita do que a participa\u00e7\u00e3o de mais de 2\/3 da categoria no pleito e a vota\u00e7\u00e3o em massa na Chapa 1. \u201cTemos que estar unidos pois s\u00f3 assim vamos ser capazes de dar uma resposta aos nossos patr\u00f5es, que s\u00e3o os banqueiros, e ao fascismo que est\u00e1 \u00e0 espreita. O desafio das for\u00e7as democr\u00e1ticas \u00e9 construir a unidade para derrotar a extrema-direita\u201d, ressaltou.<\/p>\n<p>Adriana Nalesso, presidenta da Federa-RJ, disse que foi uma alegria participar do processo de constru\u00e7\u00e3o da chapa e da sua elei\u00e7\u00e3o. \u201cTodo este processo mostra a responsabilidade que tem o nosso sindicato que \u00e9 refer\u00eancia para tantas outras categorias. Nas lutas mais gerais da sociedade, como a luta pela democracia e contra o fascismo, como nas conquistas de direitos que constam da nossa Conven\u00e7\u00e3o Coletiva de Trabalho e que v\u00e3o al\u00e9m das conquistas econ\u00f4micas, com cl\u00e1usulas com garantias de g\u00eanero e ra\u00e7a, pelos direitos das mulheres, negros e negras, contra o ass\u00e9dio, mas tamb\u00e9m pela inclus\u00e3o de mulheres carentes de fora da nossa categoria\u201d, lembrou.<\/p>\n<h2><strong>Centrais sindicais<\/strong><\/h2>\n<p>Paulo Farias, presidente da CTB Rio, deu os parab\u00e9ns em nome da central sindical pela vit\u00f3ria da Chapa 1. \u201cA unidade em tempos dif\u00edceis como o que vivemos \u00e9 fundamental. Temos pela frente elei\u00e7\u00f5es para vencer. E para derrotar o fascismo somente com a unidade das for\u00e7as democr\u00e1ticas. E o Sindicato dos Banc\u00e1rios, como sempre, sai na frente dando o exemplo, e contando com o apoio da base que deu \u00e0 esta chapa uma vota\u00e7\u00e3o expressiva\u201d, constatou.<\/p>\n<p>Jane Sant\u2019Ana, secret\u00e1ria-geral da CUT Rio, lembrou que a unidade \u00e9 importante tamb\u00e9m para fortalecer a luta da categoria banc\u00e1ria contra a precariza\u00e7\u00e3o do trabalho. \u201cJunto com as centrais sindicais, os sindicatos t\u00eam que construir uma luta maior contra o crescimento da explora\u00e7\u00e3o que visa o aumento do lucro dos bancos e demais empresas\u201d, disse.<\/p>\n<p><strong>Texto:<\/strong>\u00a0<a href=\"https:\/\/www.bancariosrio.org.br\/index.php\/component\/k2\/item\/13989-chapa-1-unidade-na-luta-vence-eleicao-do-sindicato-com-92-10-dos-votos\" target=\"_blank\" rel=\"noopener noreferrer\">Olyntho Contente\/Seeb-Rio<\/a>, com edi\u00e7\u00f5es da Contraf-CUT<\/p>\n","protected":false},"excerpt":{"rendered":"<p>Ao obter 92,10% dos votos de banc\u00e1rios e banc\u00e1rias que participaram do pleito virtual que come\u00e7ou na segunda-feira (7\/4) e terminou nesta sexta-feira (11\/4), \u00e0s 17 horas, a Chapa 1 \u2013 Unidade na Luta, venceu as elei\u00e7\u00f5es para a diretoria do Sindicato dos Banc\u00e1rios e Financi\u00e1rios do Rio de Janeiro (Seeb\/Rio). \u201cDeclaro vitoriosa a Chapa [&hellip;]<\/p>\n","protected":false},"author":2,"featured_media":16304,"comment_status":"","ping_status":"","sticky":false,"template":"","format":"standard","meta":{"footnotes":""},"categories":[3],"tags":[],"class_list":["post-16305","post","type-post","status-publish","format-standard","has-post-thumbnail","hentry","category-noticias"],"_links":{"self":[{"href":"https:\/\/hostnetart.com.br\/baixada\/wp-json\/wp\/v2\/posts\/16305","targetHints":{"allow":["GET"]}}],"collection":[{"href":"https:\/\/hostnetart.com.br\/baixada\/wp-json\/wp\/v2\/posts"}],"about":[{"href":"https:\/\/hostnetart.com.br\/baixada\/wp-json\/wp\/v2\/types\/post"}],"author":[{"embeddable":true,"href":"https:\/\/hostnetart.com.br\/baixada\/wp-json\/wp\/v2\/users\/2"}],"replies":[{"embeddable":true,"href":"https:\/\/hostnetart.com.br\/baixada\/wp-json\/wp\/v2\/comments?post=16305"}],"version-history":[{"count":0,"href":"https:\/\/hostnetart.com.br\/baixada\/wp-json\/wp\/v2\/posts\/16305\/revisions"}],"wp:featuredmedia":[{"embeddable":true,"href":"https:\/\/hostnetart.com.br\/baixada\/wp-json\/wp\/v2\/media\/16304"}],"wp:attachment":[{"href":"https:\/\/hostnetart.com.br\/baixada\/wp-json\/wp\/v2\/media?parent=16305"}],"wp:term":[{"taxonomy":"category","embeddable":true,"href":"https:\/\/hostnetart.com.br\/baixada\/wp-json\/wp\/v2\/categories?post=16305"},{"taxonomy":"post_tag","embeddable":true,"href":"https:\/\/hostnetart.com.br\/baixada\/wp-json\/wp\/v2\/tags?post=16305"}],"curies":[{"name":"wp","href":"https:\/\/api.w.org\/{rel}","templated":true}]}}