{"id":16293,"date":"2025-04-09T13:29:46","date_gmt":"2025-04-09T16:29:46","guid":{"rendered":"https:\/\/hostnetart.com.br\/baixada\/contraf-cut-participa-da-jornada-nacional-de-debates-com-foco-no-trabalho-digno-meio-ambiente-e-transicao-justa-rumo-a-cop-30\/"},"modified":"2025-04-09T13:29:46","modified_gmt":"2025-04-09T16:29:46","slug":"contraf-cut-participa-da-jornada-nacional-de-debates-com-foco-no-trabalho-digno-meio-ambiente-e-transicao-justa-rumo-a-cop-30","status":"publish","type":"post","link":"https:\/\/hostnetart.com.br\/baixada\/contraf-cut-participa-da-jornada-nacional-de-debates-com-foco-no-trabalho-digno-meio-ambiente-e-transicao-justa-rumo-a-cop-30\/","title":{"rendered":"Contraf-CUT participa da Jornada Nacional de Debates com foco no trabalho digno, meio ambiente e transi\u00e7\u00e3o justa rumo \u00e0 COP 30"},"content":{"rendered":"<p>Teve in\u00edcio nesta quarta-feira (9) a Jornada Nacional de Debates, promovida pelo Departamento Intersindical de Estat\u00edstica e Estudos Socioecon\u00f4micos (Dieese), a Central \u00danica dos Trabalhadores (CUT) e demais centrais sindicais, com apoio do Labora \u2013 Fundo de Apoio ao Trabalho Digno. Com o tema \u201cTrabalho, Meio Ambiente e Transi\u00e7\u00e3o Justa \u2013 rumo \u00e0 COP 30\u201d, o ciclo de encontros ocorre nas capitais dos 17 estados onde o Dieese mant\u00e9m escrit\u00f3rios regionais.<\/p>\n<p>A iniciativa faz parte da prepara\u00e7\u00e3o da classe trabalhadora para o 1\u00ba de Maio e para a 30\u00aa Confer\u00eancia das Na\u00e7\u00f5es Unidas sobre Mudan\u00e7as Clim\u00e1ticas (COP 30), marcada para novembro de 2025, em Bel\u00e9m (PA).<\/p>\n<p>A pauta ambiental e a transi\u00e7\u00e3o justa t\u00eam se consolidado como eixos centrais para o futuro do trabalho no Brasil. Com o pa\u00eds avan\u00e7ando rumo a uma economia de baixo carbono, cresce a responsabilidade das centrais sindicais em articular propostas concretas que garantam desenvolvimento sustent\u00e1vel com justi\u00e7a social e trabalho decente.<\/p>\n<p>Durante os encontros, ser\u00e3o debatidos temas como gera\u00e7\u00e3o de empregos verdes; requalifica\u00e7\u00e3o profissional; pol\u00edticas p\u00fablicas para um desenvolvimento sustent\u00e1vel e impactos das mudan\u00e7as clim\u00e1ticas nas popula\u00e7\u00f5es mais vulner\u00e1veis.<\/p>\n<p>A meta \u00e9 construir propostas s\u00f3lidas para serem apresentadas nas mesas de negocia\u00e7\u00e3o e f\u00f3runs nacionais e internacionais ligados \u00e0 COP 30.<\/p>\n<h2>Trabalho digno e sustentabilidade: agendas complementares<\/h2>\n<p>Segundo o Dieese, a transi\u00e7\u00e3o para modelos produtivos sustent\u00e1veis tem potencial para criar milh\u00f5es de empregos no Brasil. Setores como energia solar e e\u00f3lica, por exemplo, demonstram crescimento acelerado \u2014 somente a energia solar gerou 264 mil empregos em 2023, consolidando o pa\u00eds como um dos mercados mais promissores da Am\u00e9rica Latina.<\/p>\n<p>Apesar do potencial, especialistas alertam: \u00e9 preciso garantir pol\u00edticas p\u00fablicas abrangentes que incluam educa\u00e7\u00e3o, capacita\u00e7\u00e3o t\u00e9cnica, prote\u00e7\u00e3o social e inclus\u00e3o de grupos vulner\u00e1veis, para que os benef\u00edcios da transi\u00e7\u00e3o ecol\u00f3gica n\u00e3o aprofundem desigualdades j\u00e1 existentes.<\/p>\n<p>A atua\u00e7\u00e3o propositiva das centrais, especialmente da CUT, tem sido essencial para garantir que a transi\u00e7\u00e3o ecol\u00f3gica seja tamb\u00e9m uma alavanca de desenvolvimento social, com trabalho decente e direitos garantidos.<\/p>\n<p>\u201cA gente precisa estar inserido neste debate. A pauta dos trabalhadores precisa ser ouvida, pois eles s\u00e3o parte fundamental deste cen\u00e1rio. N\u00f3s temos um novo mundo do trabalho, mudan\u00e7as intensas est\u00e3o acontecendo e precisamos acompanh\u00e1-las, pois isso definir\u00e1 nosso futuro\u201d, afirmou Juvandia Moreira, presidenta da Contraf-CUT, durante a mesa de abertura do evento realizado em S\u00e3o Paulo, na qual representou a CUT.<\/p>\n<p>Ela tamb\u00e9m refor\u00e7ou a import\u00e2ncia do 1\u00ba de Maio como data de mobiliza\u00e7\u00e3o e reflex\u00e3o. \u201c\u00c9 hora da classe trabalhadora se juntar, fazer um resgate hist\u00f3rico para vermos o quanto evolu\u00edmos desde que a data foi institu\u00edda e fazer uma reflex\u00e3o de quanto e como podemos avan\u00e7ar daqui para frente. A luta sempre foi por qualidade de vida, por justi\u00e7a social \u2014 essa \u00e9 a luta central da classe trabalhadora\u201d.<\/p>\n<p>Para o secret\u00e1rio de Assuntos Socioecon\u00f4micos da Contraf-CUT, Walcir Previtale, os trabalhadores e as trabalhadoras do ramo financeiro precisam estar inseridos de forma profunda no debate sobre a COP 30, que acontece em novembro, mas j\u00e1 mobiliza a sociedade nos debates preparat\u00f3rios. \u201cUm dos pontos centrais \u00e9 o papel do sistema financeiro no financiamento de projetos que envolvem desmatamento ilegal ou trabalho an\u00e1logo \u00e0 escravid\u00e3o, especialmente na Amaz\u00f4nia. Tanto bancos privados quanto p\u00fablicos t\u00eam financiado empreendimentos de grandes grupos econ\u00f4micos que acumulam den\u00fancias e processos relacionados a essas pr\u00e1ticas.\u201d<\/p>\n<p>Walcir defende que o cr\u00e9dito seja direcionado com crit\u00e9rios sociais e ambientais claros, constru\u00eddos de forma coletiva com a sociedade. \u201cN\u00e3o podemos continuar canalizando recursos para projetos que n\u00e3o respeitam o meio ambiente nem os direitos humanos. \u00c9 urgente repensar o modelo econ\u00f4mico vigente, baseado na superacumula\u00e7\u00e3o de lucros \u00e0 custa de um alto pre\u00e7o social e ambiental. Precisamos colocar isso na balan\u00e7a, porque quem paga essa conta s\u00e3o as pessoas e a natureza.&#8221;<\/p>\n<p>A secret\u00e1ria de Pol\u00edticas Sociais da Contraf-CUT, Elaine Cutis acredita que &#8220;a transi\u00e7\u00e3o justa s\u00f3 ser\u00e1 verdadeira se unir justi\u00e7a ambiental e justi\u00e7a social. Isso passa por investimento em energias renov\u00e1veis, requalifica\u00e7\u00e3o profissional dos trabalhadores e respeito \u00e0s comunidades tradicionais e perif\u00e9ricas. O movimento sindical est\u00e1 mobilizado para garantir que a COP 30 escute as vozes das ruas e dos territ\u00f3rios. N\u00e3o haver\u00e1 justi\u00e7a clim\u00e1tica sem justi\u00e7a social \u2014 e essa \u00e9 uma luta que precisa estar no centro das decis\u00f5es globais.&#8221;<\/p>\n<section class=\"block__body\">\n<div class=\"container\" contenteditable=\"false\">\n<p>\u00a0<\/p>\n<p><strong>Jornada Nacional de Lutas<\/strong><\/p>\n<p>A Jornada de Debates faz parte da Jornada Nacional de Lutas, que mobilizar\u00e1 trabalhadoras e trabalhadores de 9 de abril a 31 de maio, com foco na redu\u00e7\u00e3o da jornada de trabalho com manuten\u00e7\u00e3o dos sal\u00e1rios; justi\u00e7a tribut\u00e1ria, com isen\u00e7\u00e3o de imposto de renda para PLR e para quem ganha at\u00e9 R$ 5 mil e descontos escalonados para rendas at\u00e9 R$ 7 mil.<\/p>\n<p>Rumo \u00e0 COP 30: com protagonismo da classe trabalhadora<\/p>\n<p>A COP 30 ser\u00e1 um marco nas discuss\u00f5es globais sobre o clima, reunindo cerca de 40 mil participantes, incluindo l\u00edderes mundiais, cientistas, ONGs e representantes da sociedade civil. Desses, aproximadamente 7 mil comp\u00f5em a chamada &#8220;fam\u00edlia COP&#8221;, formada por equipes da ONU e delega\u00e7\u00f5es oficiais.<\/p>\n<p>A escolha de Bel\u00e9m (PA) como sede \u00e9 estrat\u00e9gica. Como afirmou o presidente Luiz In\u00e1cio Lula da Silva, trata-se de uma oportunidade de discutir a Amaz\u00f4nia dentro da pr\u00f3pria Amaz\u00f4nia, com os povos ind\u00edgenas, ribeirinhos e demais comunidades tradicionais presentes e ouvidos.<\/p>\n<p>Entre os principais temas da confer\u00eancia estar\u00e3o:<\/p>\n<ul>\n<li>Redu\u00e7\u00e3o de emiss\u00f5es de gases de efeito estufa;<\/li>\n<li>Adapta\u00e7\u00e3o \u00e0s mudan\u00e7as clim\u00e1ticas;<\/li>\n<li>Financiamento clim\u00e1tico para pa\u00edses em desenvolvimento;<\/li>\n<li>Tecnologias de energia renov\u00e1vel e solu\u00e7\u00f5es de baixo carbono;<\/li>\n<li>Preserva\u00e7\u00e3o de florestas e biodiversidade;<\/li>\n<li>Justi\u00e7a clim\u00e1tica e impactos sociais da crise ambiental.<\/li>\n<li>\u00a0<\/li>\n<li>A CUT e as demais centrais sindicais t\u00eam papel estrat\u00e9gico para garantir que o trabalho digno e a inclus\u00e3o social estejam no centro desse debate.<\/li>\n<\/ul>\n<\/div>\n<\/section>\n<p><strong>Fonte: Contraf-CUT<\/strong><\/p>\n","protected":false},"excerpt":{"rendered":"<p>Teve in\u00edcio nesta quarta-feira (9) a Jornada Nacional de Debates, promovida pelo Departamento Intersindical de Estat\u00edstica e Estudos Socioecon\u00f4micos (Dieese), a Central \u00danica dos Trabalhadores (CUT) e demais centrais sindicais, com apoio do Labora \u2013 Fundo de Apoio ao Trabalho Digno. Com o tema \u201cTrabalho, Meio Ambiente e Transi\u00e7\u00e3o Justa \u2013 rumo \u00e0 COP 30\u201d, [&hellip;]<\/p>\n","protected":false},"author":2,"featured_media":16292,"comment_status":"","ping_status":"","sticky":false,"template":"","format":"standard","meta":{"footnotes":""},"categories":[3],"tags":[],"class_list":["post-16293","post","type-post","status-publish","format-standard","has-post-thumbnail","hentry","category-noticias"],"_links":{"self":[{"href":"https:\/\/hostnetart.com.br\/baixada\/wp-json\/wp\/v2\/posts\/16293","targetHints":{"allow":["GET"]}}],"collection":[{"href":"https:\/\/hostnetart.com.br\/baixada\/wp-json\/wp\/v2\/posts"}],"about":[{"href":"https:\/\/hostnetart.com.br\/baixada\/wp-json\/wp\/v2\/types\/post"}],"author":[{"embeddable":true,"href":"https:\/\/hostnetart.com.br\/baixada\/wp-json\/wp\/v2\/users\/2"}],"replies":[{"embeddable":true,"href":"https:\/\/hostnetart.com.br\/baixada\/wp-json\/wp\/v2\/comments?post=16293"}],"version-history":[{"count":0,"href":"https:\/\/hostnetart.com.br\/baixada\/wp-json\/wp\/v2\/posts\/16293\/revisions"}],"wp:featuredmedia":[{"embeddable":true,"href":"https:\/\/hostnetart.com.br\/baixada\/wp-json\/wp\/v2\/media\/16292"}],"wp:attachment":[{"href":"https:\/\/hostnetart.com.br\/baixada\/wp-json\/wp\/v2\/media?parent=16293"}],"wp:term":[{"taxonomy":"category","embeddable":true,"href":"https:\/\/hostnetart.com.br\/baixada\/wp-json\/wp\/v2\/categories?post=16293"},{"taxonomy":"post_tag","embeddable":true,"href":"https:\/\/hostnetart.com.br\/baixada\/wp-json\/wp\/v2\/tags?post=16293"}],"curies":[{"name":"wp","href":"https:\/\/api.w.org\/{rel}","templated":true}]}}