{"id":16285,"date":"2025-04-07T20:49:43","date_gmt":"2025-04-07T23:49:43","guid":{"rendered":"https:\/\/hostnetart.com.br\/baixada\/comecou-a-campanha-de-vacinacao-contra-a-gripe-do-santander\/"},"modified":"2025-04-07T20:49:43","modified_gmt":"2025-04-07T23:49:43","slug":"comecou-a-campanha-de-vacinacao-contra-a-gripe-do-santander","status":"publish","type":"post","link":"https:\/\/hostnetart.com.br\/baixada\/comecou-a-campanha-de-vacinacao-contra-a-gripe-do-santander\/","title":{"rendered":"Come\u00e7ou a campanha de Vacina\u00e7\u00e3o contra a Gripe do Santander"},"content":{"rendered":"<\/p>\n<p>A partir deste s\u00e1bado, dia 5 de abril de 2025, o Santander inicia sua Campanha de Vacina\u00e7\u00e3o contra a Gripe para todos os funcion\u00e1rios. A vacina aplicada ser\u00e1 a Quadrivalente, que oferece prote\u00e7\u00e3o contra quatro cepas do v\u00edrus Influenza:<\/p>\n<ul>\n<li>A\/Victoria\/4897\/2022 (H1N1)<\/li>\n<li>A\/Croatia\/10136RV\/2023 (H3N2)<\/li>\n<li>B\/Austria\/1359417\/2021 (linhagem B\/Victoria)<\/li>\n<li>B\/Phuket\/3073\/2013 (linhagem B\/Yamagata)<\/li>\n<\/ul>\n<p>Essa vers\u00e3o \u00e9 mais abrangente do que a vacina trivalente, garantindo maior prote\u00e7\u00e3o ao imunizar contra uma cepa a mais do v\u00edrus. A vacina\u00e7\u00e3o ocorrer\u00e1 presencialmente nas localidades do banco, de acordo com o cronograma dispon\u00edvel no NOW &gt; Portal Pessoas &gt; Nossa Oferta Para Voc\u00ea &gt; Seu Equil\u00edbrio &gt; Campanha de Vacina\u00e7\u00e3o. Cada unidade ter\u00e1 datas espec\u00edficas at\u00e9 30 de junho de 2025.<\/p>\n<p>A partir de 12 de maio, a vacina tamb\u00e9m estar\u00e1 dispon\u00edvel nas cl\u00ednicas credenciadas, cuja lista ser\u00e1 divulgada em breve. Para funcion\u00e1rios que atuam em regi\u00f5es sem vacina\u00e7\u00e3o in loco e sem cl\u00ednica credenciada pr\u00f3xima, o banco enviar\u00e1 um e-mail at\u00e9 7 de abril com orienta\u00e7\u00f5es para solicita\u00e7\u00e3o de reembolso. Assim como nos anos anteriores, n\u00e3o ser\u00e1 autorizado reembolso fora dessas situa\u00e7\u00f5es.<\/p>\n<p>Funcion\u00e1rios que n\u00e3o fizeram a ades\u00e3o at\u00e9 31\/3 e ainda desejam se vacinar, dever\u00e3o solicitar um Protocolo de Atendimento. J\u00e1 os afastados ou sem acesso ao Portal Pessoas podem entrar em contato pelo e-mail: vacina@santander.com.brpara tirar d\u00favidas ou solicitar apoio.<\/p>\n<p>Para a coordenadora da Comiss\u00e3o de Organiza\u00e7\u00e3o dos Empregados (COE) do Santander, Wanessa Queiroz, a iniciativa \u00e9 essencial. \u201cA vacina\u00e7\u00e3o \u00e9 extremamente importante para a preven\u00e7\u00e3o de doen\u00e7as, principalmente nesta \u00e9poca do ano, em que h\u00e1 um aumento na incid\u00eancia de problemas respirat\u00f3rios. Por isso, \u00e9 fundamental que todos fa\u00e7am a preven\u00e7\u00e3o.\u201d<\/p>\n<p><strong>Importante<\/strong>:<br \/>No momento da vacina\u00e7\u00e3o, \u00e9 necess\u00e1rio apresentar um documento com foto. Caso tenha, leve sua caderneta de vacina\u00e7\u00e3o.<br \/>Todas as informa\u00e7\u00f5es da campanha, bem como a FAQ e o cronograma de datas por localidade, est\u00e3o dispon\u00edveis no Portal Pessoas. Em caso de d\u00favidas, escreva para: vacina@santander.com.br.<\/p>\n<p><b>Fonte: Contraf-CUT<\/b><\/p>\n","protected":false},"excerpt":{"rendered":"<p>A partir deste s\u00e1bado, dia 5 de abril de 2025, o Santander inicia sua Campanha de Vacina\u00e7\u00e3o contra a Gripe para todos os funcion\u00e1rios. A vacina aplicada ser\u00e1 a Quadrivalente, que oferece prote\u00e7\u00e3o contra quatro cepas do v\u00edrus Influenza: A\/Victoria\/4897\/2022 (H1N1) A\/Croatia\/10136RV\/2023 (H3N2) B\/Austria\/1359417\/2021 (linhagem B\/Victoria) B\/Phuket\/3073\/2013 (linhagem B\/Yamagata) Essa vers\u00e3o \u00e9 mais abrangente do [&hellip;]<\/p>\n","protected":false},"author":2,"featured_media":16284,"comment_status":"","ping_status":"","sticky":false,"template":"","format":"standard","meta":{"footnotes":""},"categories":[3],"tags":[],"class_list":["post-16285","post","type-post","status-publish","format-standard","has-post-thumbnail","hentry","category-noticias"],"_links":{"self":[{"href":"https:\/\/hostnetart.com.br\/baixada\/wp-json\/wp\/v2\/posts\/16285","targetHints":{"allow":["GET"]}}],"collection":[{"href":"https:\/\/hostnetart.com.br\/baixada\/wp-json\/wp\/v2\/posts"}],"about":[{"href":"https:\/\/hostnetart.com.br\/baixada\/wp-json\/wp\/v2\/types\/post"}],"author":[{"embeddable":true,"href":"https:\/\/hostnetart.com.br\/baixada\/wp-json\/wp\/v2\/users\/2"}],"replies":[{"embeddable":true,"href":"https:\/\/hostnetart.com.br\/baixada\/wp-json\/wp\/v2\/comments?post=16285"}],"version-history":[{"count":0,"href":"https:\/\/hostnetart.com.br\/baixada\/wp-json\/wp\/v2\/posts\/16285\/revisions"}],"wp:featuredmedia":[{"embeddable":true,"href":"https:\/\/hostnetart.com.br\/baixada\/wp-json\/wp\/v2\/media\/16284"}],"wp:attachment":[{"href":"https:\/\/hostnetart.com.br\/baixada\/wp-json\/wp\/v2\/media?parent=16285"}],"wp:term":[{"taxonomy":"category","embeddable":true,"href":"https:\/\/hostnetart.com.br\/baixada\/wp-json\/wp\/v2\/categories?post=16285"},{"taxonomy":"post_tag","embeddable":true,"href":"https:\/\/hostnetart.com.br\/baixada\/wp-json\/wp\/v2\/tags?post=16285"}],"curies":[{"name":"wp","href":"https:\/\/api.w.org\/{rel}","templated":true}]}}