{"id":16273,"date":"2025-04-03T15:29:53","date_gmt":"2025-04-03T18:29:53","guid":{"rendered":"https:\/\/hostnetart.com.br\/baixada\/coe-itau-cobra-mudancas-no-programa-gera-e-reajuste-da-pcr\/"},"modified":"2025-04-03T15:29:53","modified_gmt":"2025-04-03T18:29:53","slug":"coe-itau-cobra-mudancas-no-programa-gera-e-reajuste-da-pcr","status":"publish","type":"post","link":"https:\/\/hostnetart.com.br\/baixada\/coe-itau-cobra-mudancas-no-programa-gera-e-reajuste-da-pcr\/","title":{"rendered":"COE Ita\u00fa cobra mudan\u00e7as no programa GERA e reajuste da PCR"},"content":{"rendered":"<p>A Comiss\u00e3o de Organiza\u00e7\u00e3o dos Empregados (COE) do Ita\u00fa se reuniu nesta quarta-feira (2) com a dire\u00e7\u00e3o do banco para debater os problemas apontados no \u00faltimo Encontro, incluindo quest\u00f5es relacionadas ao programa GERA e ao pagamento da Participa\u00e7\u00e3o Complementar nos Resultados (PCR).<\/p>\n<p>Durante a reuni\u00e3o, o banco informou que j\u00e1 est\u00e1 implementando melhorias no canal \u201cFale com o GERA\u201d, ferramenta espec\u00edfica para encaminhamento de reclama\u00e7\u00f5es sobre o programa. Segundo os representantes do Ita\u00fa, cerca de 100 ag\u00eancias registram queixas mensalmente e est\u00e3o sendo trabalhadas para resolu\u00e7\u00e3o. A proposta do banco \u00e9 simplificar o funcionamento do GERA.<\/p>\n<p>No encontro, o banco admitiu que algumas produ\u00e7\u00f5es demoram a ser computadas no programa, como no caso da lista VAI, cujo prazo para registro da produ\u00e7\u00e3o do primeiro contato \u00e9 de sete dias. Al\u00e9m disso, a COE questionou o fato de as metas trimestrais estarem sendo cobradas mensalmente, com pontua\u00e7\u00e3o elevada, sempre acima de 1.000 pontos. Em resposta, o respons\u00e1vel pela \u00e1rea explicou que existe apenas um relat\u00f3rio mensal para que os funcion\u00e1rios acompanhem seu desempenho, mas reconheceu que alguns gestores utilizam esse relat\u00f3rio como meta mensal, gerando cobran\u00e7as excessivas e press\u00e3o no ambiente de trabalho.<\/p>\n<p>A COE apresentou um exemplo de cobran\u00e7a abusiva em uma regi\u00e3o espec\u00edfica, que foge totalmente das regras do programa. &#8220;Temos que denunciar ao banco o ranqueamento, a exposi\u00e7\u00e3o de funcion\u00e1rios em alguns locais e a gest\u00e3o do programa GERA de forma assediadora&#8221;, destacou a coordenadora da COE Ita\u00fa, Valeska Pincovai.<\/p>\n<p>Outro problema levantado foi a puni\u00e7\u00e3o no Sistema de Qualidade de Vendas (SQV). Atualmente, se um funcion\u00e1rio \u00e9 punido em uma ag\u00eancia e posteriormente transferido, ele carrega essa puni\u00e7\u00e3o para o novo gestor e unidade. O banco alegou que essa pr\u00e1tica leva em considera\u00e7\u00e3o a lota\u00e7\u00e3o do empregado no momento da aplica\u00e7\u00e3o.<\/p>\n<p>Al\u00e9m disso, a COE questionou a aus\u00eancia de remunera\u00e7\u00e3o dos ANS no segmento empresas em rela\u00e7\u00e3o ao GERA, o impacto da transfer\u00eancia de funcion\u00e1rios e a mudan\u00e7a de porte das ag\u00eancias nas metas. O Ita\u00fa se comprometeu a debater esses pontos em uma pr\u00f3xima reuni\u00e3o, na qual tamb\u00e9m apresentar\u00e1 informa\u00e7\u00f5es sobre a gest\u00e3o do programa, sua comunica\u00e7\u00e3o interna, avalia\u00e7\u00e3o e treinamentos.<\/p>\n<h2>Descomissionamento e rebaixamento de cargos<\/h2>\n<p>Outro tema importante abordado foi o crescente n\u00famero de banc\u00e1rios rebaixados de cargo. Segundo a COE, em diversas regi\u00f5es, gerentes est\u00e3o sendo descomissionados para o cargo de Assistente de Neg\u00f3cios (AN), com jornada de seis horas. O banco justificou que essas decis\u00f5es ocorrem porque os trabalhadores n\u00e3o estariam desempenhando a fun\u00e7\u00e3o conforme os requisitos estabelecidos, e que essa pr\u00e1tica est\u00e1 respaldada pela Reforma Trabalhista.<\/p>\n<h2>Rejei\u00e7\u00e3o da proposta de PCR<\/h2>\n<p>O Ita\u00fa apresentou uma proposta de reajuste da Participa\u00e7\u00e3o Complementar nos Resultados (PCR):<\/p>\n<ul>\n<li>2025: Reajuste do INPC (4,17% em janeiro)<\/li>\n<li>At\u00e9 23% de ROE: R$ 3.831,48<\/li>\n<li>Acima de 23% de ROE: R$ 4.016,15<\/li>\n<li>2026: Reajuste conforme a categoria.<\/li>\n<\/ul>\n<p>A COE rejeitou a proposta imediatamente, argumentando que o reajuste precisa valorizar os trabalhadores, especialmente diante do alto lucro que o banco tem registrado nos \u00faltimos anos. &#8220;Os banc\u00e1rios do Ita\u00fa merecem respeito! O banco precisa valorizar aqueles que trabalham duro para que ele alcance lucros exorbitantes. N\u00e3o \u00e9 justo que os trabalhadores adoe\u00e7am para bater metas e n\u00e3o sejam reconhecidos como deveriam&#8221;, refor\u00e7ou Valeska Pincovai.<\/p>\n<p>Uma nova reuni\u00e3o ser\u00e1 agendada para que a COE apresente novamente suas reivindica\u00e7\u00f5es sobre o PCR. &#8220;O encontro foi positivo porque conseguimos debater os problemas e ang\u00fastias dos funcion\u00e1rios com o objetivo de construir solu\u00e7\u00f5es para os trabalhadores&#8221;, concluiu a coordenadora da COE Ita\u00fa.<\/p>\n<p><strong>Fonte: Contraf-CUT<\/strong><\/p>\n","protected":false},"excerpt":{"rendered":"<p>A Comiss\u00e3o de Organiza\u00e7\u00e3o dos Empregados (COE) do Ita\u00fa se reuniu nesta quarta-feira (2) com a dire\u00e7\u00e3o do banco para debater os problemas apontados no \u00faltimo Encontro, incluindo quest\u00f5es relacionadas ao programa GERA e ao pagamento da Participa\u00e7\u00e3o Complementar nos Resultados (PCR). Durante a reuni\u00e3o, o banco informou que j\u00e1 est\u00e1 implementando melhorias no canal [&hellip;]<\/p>\n","protected":false},"author":2,"featured_media":16272,"comment_status":"","ping_status":"","sticky":false,"template":"","format":"standard","meta":{"footnotes":""},"categories":[3],"tags":[],"class_list":["post-16273","post","type-post","status-publish","format-standard","has-post-thumbnail","hentry","category-noticias"],"_links":{"self":[{"href":"https:\/\/hostnetart.com.br\/baixada\/wp-json\/wp\/v2\/posts\/16273","targetHints":{"allow":["GET"]}}],"collection":[{"href":"https:\/\/hostnetart.com.br\/baixada\/wp-json\/wp\/v2\/posts"}],"about":[{"href":"https:\/\/hostnetart.com.br\/baixada\/wp-json\/wp\/v2\/types\/post"}],"author":[{"embeddable":true,"href":"https:\/\/hostnetart.com.br\/baixada\/wp-json\/wp\/v2\/users\/2"}],"replies":[{"embeddable":true,"href":"https:\/\/hostnetart.com.br\/baixada\/wp-json\/wp\/v2\/comments?post=16273"}],"version-history":[{"count":0,"href":"https:\/\/hostnetart.com.br\/baixada\/wp-json\/wp\/v2\/posts\/16273\/revisions"}],"wp:featuredmedia":[{"embeddable":true,"href":"https:\/\/hostnetart.com.br\/baixada\/wp-json\/wp\/v2\/media\/16272"}],"wp:attachment":[{"href":"https:\/\/hostnetart.com.br\/baixada\/wp-json\/wp\/v2\/media?parent=16273"}],"wp:term":[{"taxonomy":"category","embeddable":true,"href":"https:\/\/hostnetart.com.br\/baixada\/wp-json\/wp\/v2\/categories?post=16273"},{"taxonomy":"post_tag","embeddable":true,"href":"https:\/\/hostnetart.com.br\/baixada\/wp-json\/wp\/v2\/tags?post=16273"}],"curies":[{"name":"wp","href":"https:\/\/api.w.org\/{rel}","templated":true}]}}