{"id":16269,"date":"2025-04-02T18:26:47","date_gmt":"2025-04-02T21:26:47","guid":{"rendered":"https:\/\/hostnetart.com.br\/baixada\/curso-de-paternidade-responsavel-online-comeca-dia-7-de-abril\/"},"modified":"2025-04-02T18:26:47","modified_gmt":"2025-04-02T21:26:47","slug":"curso-de-paternidade-responsavel-online-comeca-dia-7-de-abril","status":"publish","type":"post","link":"https:\/\/hostnetart.com.br\/baixada\/curso-de-paternidade-responsavel-online-comeca-dia-7-de-abril\/","title":{"rendered":"Curso de Paternidade Respons\u00e1vel online come\u00e7a dia 7 de abril"},"content":{"rendered":"<p>A Faculdade 28 de Agosto abriu as inscri\u00e7\u00f5es para nova rodada do<strong>\u00a0curso &#8220;Paternidade respons\u00e1vel e Rela\u00e7\u00f5es Compartilhadas&#8221;<\/strong>. As aulas ser\u00e3o realizadas, de modo online e ao vivo,\u00a0<strong>de 7 a 10 de abril (segunda a quinta-feira), das 19h30 \u00e0s 21h30<\/strong>.<\/p>\n<p>O curso, para o p\u00fablico em geral, est\u00e1 no valor de R$ 280, mas para os\u00a0<strong>banc\u00e1rios filiados aos sindicatos da base da Contraf-CUT \u00e9 de apenas R$ 180<\/strong>.<\/p>\n<p>Apesar de ser voltado ao p\u00fablico masculino, futuras m\u00e3es banc\u00e1rias tamb\u00e9m podem participar com seus companheiros, mesmo que eles n\u00e3o sejam banc\u00e1rios.<\/p>\n<p><strong><a href=\"https:\/\/loja.spbancarios.com.br\/produto\/paternidade-responsavel\/?_gl=1*1sbghch*_ga*MTk0MDE2MTkxOS4xNzI3NDQ4NDgx*_ga_T1YR283R0X*MTc0MzYwMTU2MS45LjAuMTc0MzYwMTU2MS42MC4wLjA.\" target=\"_blank\" rel=\"noopener noreferrer\">&gt;&gt; Clique aqui para inscrever-se.<\/a><\/strong><\/p>\n<p>\u201cEste curso, que j\u00e1\u00a0<strong>\u00e9 ministrado h\u00e1 oito anos\u00a0<\/strong>pela Faculdade 28 de Agosto, tem como prop\u00f3sito colaborar para o equil\u00edbrio das tarefas no lar, em um momento t\u00e3o importante na vida de todos em uma fam\u00edlia, de forma a reduzir o peso que, historicamente, recai mais sobre as mulheres\u201d, explica a secret\u00e1ria de Forma\u00e7\u00e3o da Contraf-CUT,\u00a0<strong>Eliana Brasil<\/strong>. \u201cEnt\u00e3o, \u00e9 com grande satisfa\u00e7\u00e3o que n\u00f3s apoiamos e incentivamos as inscri\u00e7\u00f5es\u201d, completa.<\/p>\n<p>O curso \u00e9 composto por quatro aulas, com informa\u00e7\u00f5es te\u00f3ricas e pr\u00e1ticas, e realizadas por sete professores. Mais informa\u00e7\u00f5es sobre o conte\u00fado\u00a0<a href=\"https:\/\/loja.spbancarios.com.br\/produto\/paternidade-responsavel\/?_gl=1*1sbghch*_ga*MTk0MDE2MTkxOS4xNzI3NDQ4NDgx*_ga_T1YR283R0X*MTc0MzYwMTU2MS45LjAuMTc0MzYwMTU2MS42MC4wLjA.\" target=\"_blank\" rel=\"noopener noreferrer\">no link de inscri\u00e7\u00e3o<\/a>.<\/p>\n<h2>Amplia\u00e7\u00e3o da licen\u00e7a paternidade<\/h2>\n<p>Por lei, o banc\u00e1rio tem direito a licen\u00e7a paternidade de cinco dias, mas essa<strong>\u00a0licen\u00e7a pode ser ampliada para 20 dias, se o banc\u00e1rio fizer o curso de paternidade respons\u00e1vel\u00a0<\/strong>e apresentar o certificado ao banco.<\/p>\n<p>Esta \u00e9 mais uma conquista das banc\u00e1rias e banc\u00e1rios, obtida na Campanha Nacional de 2016. Por isso, diversos sindicatos da categoria, em todo o pa\u00eds, promovem cursos espec\u00edficos sobre a paternidade respons\u00e1vel.<\/p>\n<p><strong>Fonte: Contraf-CUT<\/strong><\/p>\n","protected":false},"excerpt":{"rendered":"<p>A Faculdade 28 de Agosto abriu as inscri\u00e7\u00f5es para nova rodada do\u00a0curso &#8220;Paternidade respons\u00e1vel e Rela\u00e7\u00f5es Compartilhadas&#8221;. As aulas ser\u00e3o realizadas, de modo online e ao vivo,\u00a0de 7 a 10 de abril (segunda a quinta-feira), das 19h30 \u00e0s 21h30. O curso, para o p\u00fablico em geral, est\u00e1 no valor de R$ 280, mas para os\u00a0banc\u00e1rios [&hellip;]<\/p>\n","protected":false},"author":2,"featured_media":16268,"comment_status":"","ping_status":"","sticky":false,"template":"","format":"standard","meta":{"footnotes":""},"categories":[3],"tags":[],"class_list":["post-16269","post","type-post","status-publish","format-standard","has-post-thumbnail","hentry","category-noticias"],"_links":{"self":[{"href":"https:\/\/hostnetart.com.br\/baixada\/wp-json\/wp\/v2\/posts\/16269","targetHints":{"allow":["GET"]}}],"collection":[{"href":"https:\/\/hostnetart.com.br\/baixada\/wp-json\/wp\/v2\/posts"}],"about":[{"href":"https:\/\/hostnetart.com.br\/baixada\/wp-json\/wp\/v2\/types\/post"}],"author":[{"embeddable":true,"href":"https:\/\/hostnetart.com.br\/baixada\/wp-json\/wp\/v2\/users\/2"}],"replies":[{"embeddable":true,"href":"https:\/\/hostnetart.com.br\/baixada\/wp-json\/wp\/v2\/comments?post=16269"}],"version-history":[{"count":0,"href":"https:\/\/hostnetart.com.br\/baixada\/wp-json\/wp\/v2\/posts\/16269\/revisions"}],"wp:featuredmedia":[{"embeddable":true,"href":"https:\/\/hostnetart.com.br\/baixada\/wp-json\/wp\/v2\/media\/16268"}],"wp:attachment":[{"href":"https:\/\/hostnetart.com.br\/baixada\/wp-json\/wp\/v2\/media?parent=16269"}],"wp:term":[{"taxonomy":"category","embeddable":true,"href":"https:\/\/hostnetart.com.br\/baixada\/wp-json\/wp\/v2\/categories?post=16269"},{"taxonomy":"post_tag","embeddable":true,"href":"https:\/\/hostnetart.com.br\/baixada\/wp-json\/wp\/v2\/tags?post=16269"}],"curies":[{"name":"wp","href":"https:\/\/api.w.org\/{rel}","templated":true}]}}