{"id":16267,"date":"2025-04-02T18:25:04","date_gmt":"2025-04-02T21:25:04","guid":{"rendered":"https:\/\/hostnetart.com.br\/baixada\/saude-caixa-desequilibrio-financeiro-reforca-reivindicacao-pelo-fim-do-teto-estatutario\/"},"modified":"2025-04-02T18:25:04","modified_gmt":"2025-04-02T21:25:04","slug":"saude-caixa-desequilibrio-financeiro-reforca-reivindicacao-pelo-fim-do-teto-estatutario","status":"publish","type":"post","link":"https:\/\/hostnetart.com.br\/baixada\/saude-caixa-desequilibrio-financeiro-reforca-reivindicacao-pelo-fim-do-teto-estatutario\/","title":{"rendered":"Sa\u00fade Caixa: desequil\u00edbrio financeiro refor\u00e7a reivindica\u00e7\u00e3o pelo fim do teto estatut\u00e1rio"},"content":{"rendered":"<p>O Grupo de Trabalho (GT) do Sa\u00fade Caixa, composto por representantes dos trabalhadores e do banco, se reuniu na manh\u00e3 desta ter\u00e7a-feira (1\u00ba\/4). O banco apresentou os dados gerenciais e os resultados financeiros do plano nos dois primeiros meses do ano.<\/p>\n<p>Segundo os dados apresentados pela Caixa, o plano possui uma reserva t\u00e9cnica de R$ 101,5 milh\u00f5es, mas o resultado assistencial do primeiro bimestre ficou negativo em R$ 154,1 milh\u00f5es, com receitas de R$ 573,2 milh\u00f5es e despesas de R$ 727,3 milh\u00f5es. Tanto as receitas quanto as despesas ficaram dentro dos valores projetados.<br \/>\u201cO saldo de receitas e despesas do bimestre mostra que, para evitarmos o desequil\u00edbrio financeiro do plano no curto prazo, o banco precisa, urgentemente, retirar de seu estatuto o teto para o seu custeio com a sa\u00fade das empregadas e empregados, para que, assim, possa cobrir 70% dos custos do Sa\u00fade Caixa, como estipulado no ACT (Acordo Coletivo de Trabalho) espec\u00edfico do plano de sa\u00fade, e que n\u00e3o \u00e9 atingido exatamente pela restri\u00e7\u00e3o prevista no estatuto\u201d, disse o coordenador do GT Sa\u00fade Caixa, Leonardo Quadros.<\/p>\n<p>Hoje, o estatuto social da Caixa limita em 6,5% da folha de pagamentos os gastos do banco com a sa\u00fade de seus empregados. Este limite impede que a Caixa arque com os 70% dos custos do Sa\u00fade Caixa, conforme estipulado no ACT espec\u00edfico do plano. Com isso, o somat\u00f3rio das contribui\u00e7\u00f5es dos usu\u00e1rios est\u00e1 se aproximando dos 50% dos custos do Sa\u00fade Caixa. \u201cOs valores de mensalidades cobrados dos usu\u00e1rios do plano j\u00e1 est\u00e3o muito altos. Independentemente de idade, ou faixa salarial, j\u00e1 extrapolou o limite do que podemos pagar\u201d, refor\u00e7ou o coordenador do GT Sa\u00fade Caixa.<\/p>\n<p>O representante da Federa\u00e7\u00e3o dos Empregados em Estabelecimentos Banc\u00e1rios dos Estados de S\u00e3o Paulo e Mato Grosso do Sul (Feeb\/SP-MS), Carlos Augusto (Pipoca), ressaltou ainda que a pol\u00edtica de custeio estabelecida pelo banco \u201cpressiona os colegas a sa\u00edrem do plano e buscar uma alternativa no mercado, principalmente aqueles que t\u00eam sal\u00e1rios mais altos\u201d, disse.<\/p>\n<p>\u201cS\u00f3 n\u00e3o fizeram isso ainda porque o Sa\u00fade Caixa tem coberturas que os planos de sa\u00fade ofertados pelo mercado n\u00e3o possuem e, mesmo assim, tamb\u00e9m t\u00eam altos custos e o risco de aumentos bruscos de pre\u00e7os, a redu\u00e7\u00e3o dr\u00e1stica da rede credenciada e da qualidade do atendimento, devido \u00e0 regulamenta\u00e7\u00e3o prec\u00e1ria dos planos de sa\u00fade no pa\u00eds\u201d, ressaltou o representante da Federa\u00e7\u00e3o das Banc\u00e1rias e dos Banc\u00e1rios do Estado do Rio de Janeiro (Federa-RJ), Serginho Amorim. \u201cCobramos que o Sa\u00fade Caixa melhore sua rede credenciada, e contenha os aumentos das mensalidades para evitar que o plano se iguale aos demais e, desta forma, haja uma debandada de usu\u00e1rios\u201d, completou.<\/p>\n<h2><strong>Queremos Sa\u00fade, Caixa<\/strong><\/h2>\n<p>Desde fevereiro, a Contraf-CUT, juntamente com federa\u00e7\u00f5es e sindicatos de banc\u00e1rios de todo o pa\u00eds, realizam\u00a0<a href=\"https:\/\/contrafcut.com.br\/noticias\/saude-caixa-empregados-serao-chamados-a-apontar-falhas\/\" target=\"_blank\" rel=\"noopener noreferrer\">uma campanha<\/a>\u00a0para cobrar a melhoria da qualidade de atendimento e a conten\u00e7\u00e3o dos custos das mensalidades pagas pelos usu\u00e1rios do Sa\u00fade Caixa.<\/p>\n<p>\u201cPrecisamos continuar realizando a\u00e7\u00f5es de racionaliza\u00e7\u00e3o das despesas para reduzir os custos desnecess\u00e1rios, mas para conter os aumentos de mensalidades \u00e9 fundamental que a Caixa retire de seu estatuto o teto de custeio com a sa\u00fade do seu quadro de pessoal\u201d, observou o coordenador do GT Sa\u00fade Caixa.<\/p>\n<p>\u201cAl\u00e9m disso, para manter a viabilidade do plano, precisamos melhorar a qualidade da rede de atendimento. Uma ferramenta para isso \u00e9 a volta dos comit\u00eas regionais de credenciamento e descredenciamento. Depois de nossa reivindica\u00e7\u00e3o, o banco se comprometeu a reativ\u00e1-los, o que ser\u00e1 muito importante para ampliar os v\u00ednculos entre os usu\u00e1rios e o plano, que possamos melhorar a comunica\u00e7\u00e3o e avan\u00e7ar na busca de solu\u00e7\u00f5es para os problemas locais\u201d, completou.<\/p>\n<h2><strong>Pr\u00f3xima reuni\u00e3o<\/strong><\/h2>\n<p>O banco se comprometeu a realizar uma nova reuni\u00e3o daqui a um m\u00eas para apresentar os dados consolidados do trimestre. A data ainda n\u00e3o foi definida, mas a previs\u00e3o \u00e9 a de que seja logo ap\u00f3s \u00e0 divulga\u00e7\u00e3o do balan\u00e7o trimestral do banco.<\/p>\n<p><strong>Fonte: Contraf-CUT<\/strong><\/p>\n","protected":false},"excerpt":{"rendered":"<p>O Grupo de Trabalho (GT) do Sa\u00fade Caixa, composto por representantes dos trabalhadores e do banco, se reuniu na manh\u00e3 desta ter\u00e7a-feira (1\u00ba\/4). O banco apresentou os dados gerenciais e os resultados financeiros do plano nos dois primeiros meses do ano. Segundo os dados apresentados pela Caixa, o plano possui uma reserva t\u00e9cnica de R$ [&hellip;]<\/p>\n","protected":false},"author":2,"featured_media":16266,"comment_status":"","ping_status":"","sticky":false,"template":"","format":"standard","meta":{"footnotes":""},"categories":[3],"tags":[],"class_list":["post-16267","post","type-post","status-publish","format-standard","has-post-thumbnail","hentry","category-noticias"],"_links":{"self":[{"href":"https:\/\/hostnetart.com.br\/baixada\/wp-json\/wp\/v2\/posts\/16267","targetHints":{"allow":["GET"]}}],"collection":[{"href":"https:\/\/hostnetart.com.br\/baixada\/wp-json\/wp\/v2\/posts"}],"about":[{"href":"https:\/\/hostnetart.com.br\/baixada\/wp-json\/wp\/v2\/types\/post"}],"author":[{"embeddable":true,"href":"https:\/\/hostnetart.com.br\/baixada\/wp-json\/wp\/v2\/users\/2"}],"replies":[{"embeddable":true,"href":"https:\/\/hostnetart.com.br\/baixada\/wp-json\/wp\/v2\/comments?post=16267"}],"version-history":[{"count":0,"href":"https:\/\/hostnetart.com.br\/baixada\/wp-json\/wp\/v2\/posts\/16267\/revisions"}],"wp:featuredmedia":[{"embeddable":true,"href":"https:\/\/hostnetart.com.br\/baixada\/wp-json\/wp\/v2\/media\/16266"}],"wp:attachment":[{"href":"https:\/\/hostnetart.com.br\/baixada\/wp-json\/wp\/v2\/media?parent=16267"}],"wp:term":[{"taxonomy":"category","embeddable":true,"href":"https:\/\/hostnetart.com.br\/baixada\/wp-json\/wp\/v2\/categories?post=16267"},{"taxonomy":"post_tag","embeddable":true,"href":"https:\/\/hostnetart.com.br\/baixada\/wp-json\/wp\/v2\/tags?post=16267"}],"curies":[{"name":"wp","href":"https:\/\/api.w.org\/{rel}","templated":true}]}}