{"id":16261,"date":"2025-04-01T15:17:43","date_gmt":"2025-04-01T18:17:43","guid":{"rendered":"https:\/\/hostnetart.com.br\/baixada\/bradesco-anuncia-novo-cargo-hibrido\/"},"modified":"2025-04-01T15:17:43","modified_gmt":"2025-04-01T18:17:43","slug":"bradesco-anuncia-novo-cargo-hibrido","status":"publish","type":"post","link":"https:\/\/hostnetart.com.br\/baixada\/bradesco-anuncia-novo-cargo-hibrido\/","title":{"rendered":"Bradesco anuncia novo cargo h\u00edbrido"},"content":{"rendered":"<\/p>\n<p>O Bradesco anunciou a cria\u00e7\u00e3o do novo cargo Gerente de Neg\u00f3cios e Servi\u00e7os (GNS I e II), que substituir\u00e1 as fun\u00e7\u00f5es de gerente assistente e supervisor administrativo (tamb\u00e9m I e II). A mudan\u00e7a ocorrer\u00e1 em duas fases: a primeira em 07 de abril e a segunda em 02 de maio.<\/p>\n<p>Todos os trabalhadores afetados pela mudan\u00e7a passar\u00e3o por treinamento na Unibrad para adapta\u00e7\u00e3o \u00e0s novas responsabilidades. O banco afirma que n\u00e3o haver\u00e1 altera\u00e7\u00f5es salariais e que a transi\u00e7\u00e3o visa alinhar a estrutura de cargos \u00e0s pr\u00e1ticas do mercado.<\/p>\n<p>O novo cargo ter\u00e1 uma fun\u00e7\u00e3o h\u00edbrida, combinando a execu\u00e7\u00e3o de demandas administrativas com foco na amplia\u00e7\u00e3o de neg\u00f3cios. Apesar da mudan\u00e7a, o banco afirma que essa ser\u00e1 uma atividade de apoio e que n\u00e3o haver\u00e1 cobran\u00e7a de metas de vendas.<\/p>\n<p>A coordenadora da Comiss\u00e3o de Organiza\u00e7\u00e3o dos Empregados (COE) do Bradesco, Erica de Oliveira, garantiu que \u201cestamos acompanhando essas mudan\u00e7as e esperamos que n\u00e3o haja demiss\u00f5es em virtude dessas transforma\u00e7\u00f5es. Sabemos que o banco segue acompanhando os movimentos do mercado, mas isso n\u00e3o deve impactar negativamente no emprego dessas pessoas. O banco teve bons resultados em 2024 e isso deve ser refletido na qualidade dos empregos, uma vez que o banco tamb\u00e9m cresceu sua base de clientes. Seguiremos atentos.\u201d<\/p>\n<p><b>Fonte: Contraf-CUT<\/b><\/p>\n","protected":false},"excerpt":{"rendered":"<p>O Bradesco anunciou a cria\u00e7\u00e3o do novo cargo Gerente de Neg\u00f3cios e Servi\u00e7os (GNS I e II), que substituir\u00e1 as fun\u00e7\u00f5es de gerente assistente e supervisor administrativo (tamb\u00e9m I e II). A mudan\u00e7a ocorrer\u00e1 em duas fases: a primeira em 07 de abril e a segunda em 02 de maio. Todos os trabalhadores afetados pela [&hellip;]<\/p>\n","protected":false},"author":2,"featured_media":16260,"comment_status":"","ping_status":"","sticky":false,"template":"","format":"standard","meta":{"footnotes":""},"categories":[3],"tags":[],"class_list":["post-16261","post","type-post","status-publish","format-standard","has-post-thumbnail","hentry","category-noticias"],"_links":{"self":[{"href":"https:\/\/hostnetart.com.br\/baixada\/wp-json\/wp\/v2\/posts\/16261","targetHints":{"allow":["GET"]}}],"collection":[{"href":"https:\/\/hostnetart.com.br\/baixada\/wp-json\/wp\/v2\/posts"}],"about":[{"href":"https:\/\/hostnetart.com.br\/baixada\/wp-json\/wp\/v2\/types\/post"}],"author":[{"embeddable":true,"href":"https:\/\/hostnetart.com.br\/baixada\/wp-json\/wp\/v2\/users\/2"}],"replies":[{"embeddable":true,"href":"https:\/\/hostnetart.com.br\/baixada\/wp-json\/wp\/v2\/comments?post=16261"}],"version-history":[{"count":0,"href":"https:\/\/hostnetart.com.br\/baixada\/wp-json\/wp\/v2\/posts\/16261\/revisions"}],"wp:featuredmedia":[{"embeddable":true,"href":"https:\/\/hostnetart.com.br\/baixada\/wp-json\/wp\/v2\/media\/16260"}],"wp:attachment":[{"href":"https:\/\/hostnetart.com.br\/baixada\/wp-json\/wp\/v2\/media?parent=16261"}],"wp:term":[{"taxonomy":"category","embeddable":true,"href":"https:\/\/hostnetart.com.br\/baixada\/wp-json\/wp\/v2\/categories?post=16261"},{"taxonomy":"post_tag","embeddable":true,"href":"https:\/\/hostnetart.com.br\/baixada\/wp-json\/wp\/v2\/tags?post=16261"}],"curies":[{"name":"wp","href":"https:\/\/api.w.org\/{rel}","templated":true}]}}