{"id":16259,"date":"2025-04-01T15:07:07","date_gmt":"2025-04-01T18:07:07","guid":{"rendered":"https:\/\/hostnetart.com.br\/baixada\/movimento-sindical-solicita-antecipacao-da-vacina-da-gripe-para-bancarios\/"},"modified":"2025-04-01T15:07:07","modified_gmt":"2025-04-01T18:07:07","slug":"movimento-sindical-solicita-antecipacao-da-vacina-da-gripe-para-bancarios","status":"publish","type":"post","link":"https:\/\/hostnetart.com.br\/baixada\/movimento-sindical-solicita-antecipacao-da-vacina-da-gripe-para-bancarios\/","title":{"rendered":"Movimento Sindical solicita antecipa\u00e7\u00e3o da vacina da gripe para banc\u00e1rios"},"content":{"rendered":"<p>O Movimento Sindical, atrav\u00e9s da Federa\u00e7\u00e3o dos Trabalhadores do Ramo Financeiro dos Estados do Rio de Janeiro e Esp\u00edrito Santo (<strong>Fetraf RJ\/ES<\/strong>) enviou <strong>of\u00edcio<\/strong> \u00e0 Federa\u00e7\u00e3o Brasileira de Bancos (<strong>Febraban<\/strong>), solicitando a <strong>antecipa\u00e7\u00e3o da vacina\u00e7\u00e3o da gripe<\/strong> para a categoria banc\u00e1ria, que ocorre anualmente.<\/p>\n<p>O of\u00edcio, enviado\u00a0nesta\u00a0\u00faltima segunda-feira, 31 de mar\u00e7o, \u00e9 <strong>assinado<\/strong> pelo Presidente da entidade, <strong>Nilton Esperan\u00e7a<\/strong>, e pela Diretora da Sa\u00fade do Trabalhador, <strong>Lizandre Borges<\/strong>.<\/p>\n<p>No of\u00edcio, a Fetraf RJ\/ES destaca que as atividades e locais de trabalho dos banc\u00e1rios propiciam a contamina\u00e7\u00e3o e dissemina\u00e7\u00e3o do v\u00edrus, pois s\u00e3o profissionais que t\u00eam contato direto com o p\u00fablico, em ambientes fechados e com refrigera\u00e7\u00e3o artificial, colocando em risco a sa\u00fade dos trabalhadores e, tamb\u00e9m, do p\u00fablico que utiliza os servi\u00e7os nas ag\u00eancias banc\u00e1rias.<\/p>\n<p>\u201cPor isso, faz-se necess\u00e1rio que toda a sociedade civil se mobilize para que n\u00e3o haja uma epidemia. Sabemos que \u00e9 nossa responsabilidade como entidade representante de trabalhadores procurar junto \u00e0s entidades patronais fazer valer as medidas orientadas pelo Minist\u00e9rio da Sa\u00fade de forma preventiva para conter o aumento de casos.\u201d, diz o of\u00edcio.<\/p>\n<p><b>Fonte: Fetraf RJ\/ES<\/b><\/p>\n","protected":false},"excerpt":{"rendered":"<p>O Movimento Sindical, atrav\u00e9s da Federa\u00e7\u00e3o dos Trabalhadores do Ramo Financeiro dos Estados do Rio de Janeiro e Esp\u00edrito Santo (Fetraf RJ\/ES) enviou of\u00edcio \u00e0 Federa\u00e7\u00e3o Brasileira de Bancos (Febraban), solicitando a antecipa\u00e7\u00e3o da vacina\u00e7\u00e3o da gripe para a categoria banc\u00e1ria, que ocorre anualmente. O of\u00edcio, enviado\u00a0nesta\u00a0\u00faltima segunda-feira, 31 de mar\u00e7o, \u00e9 assinado pelo Presidente [&hellip;]<\/p>\n","protected":false},"author":2,"featured_media":0,"comment_status":"","ping_status":"","sticky":false,"template":"","format":"standard","meta":{"footnotes":""},"categories":[3],"tags":[],"class_list":["post-16259","post","type-post","status-publish","format-standard","hentry","category-noticias"],"_links":{"self":[{"href":"https:\/\/hostnetart.com.br\/baixada\/wp-json\/wp\/v2\/posts\/16259","targetHints":{"allow":["GET"]}}],"collection":[{"href":"https:\/\/hostnetart.com.br\/baixada\/wp-json\/wp\/v2\/posts"}],"about":[{"href":"https:\/\/hostnetart.com.br\/baixada\/wp-json\/wp\/v2\/types\/post"}],"author":[{"embeddable":true,"href":"https:\/\/hostnetart.com.br\/baixada\/wp-json\/wp\/v2\/users\/2"}],"replies":[{"embeddable":true,"href":"https:\/\/hostnetart.com.br\/baixada\/wp-json\/wp\/v2\/comments?post=16259"}],"version-history":[{"count":0,"href":"https:\/\/hostnetart.com.br\/baixada\/wp-json\/wp\/v2\/posts\/16259\/revisions"}],"wp:attachment":[{"href":"https:\/\/hostnetart.com.br\/baixada\/wp-json\/wp\/v2\/media?parent=16259"}],"wp:term":[{"taxonomy":"category","embeddable":true,"href":"https:\/\/hostnetart.com.br\/baixada\/wp-json\/wp\/v2\/categories?post=16259"},{"taxonomy":"post_tag","embeddable":true,"href":"https:\/\/hostnetart.com.br\/baixada\/wp-json\/wp\/v2\/tags?post=16259"}],"curies":[{"name":"wp","href":"https:\/\/api.w.org\/{rel}","templated":true}]}}