{"id":16258,"date":"2025-03-31T15:30:00","date_gmt":"2025-03-31T18:30:00","guid":{"rendered":"https:\/\/hostnetart.com.br\/baixada\/sindicato-dos-bancarios-da-baixada-fluminense-reintegra-mais-um-funcionario-do-bradesco-5\/"},"modified":"2025-03-31T15:30:00","modified_gmt":"2025-03-31T18:30:00","slug":"sindicato-dos-bancarios-da-baixada-fluminense-reintegra-mais-um-funcionario-do-bradesco-5","status":"publish","type":"post","link":"https:\/\/hostnetart.com.br\/baixada\/sindicato-dos-bancarios-da-baixada-fluminense-reintegra-mais-um-funcionario-do-bradesco-5\/","title":{"rendered":"Sindicato dos Banc\u00e1rios da Baixada Fluminense reintegra mais um funcion\u00e1rio do Bradesco"},"content":{"rendered":"<p>O <strong>Sindicato dos Banc\u00e1rios da Baixada Fluminense<\/strong> <b>reintegrou<\/b> mais um <b>funcion\u00e1rio<\/b> do Banco <b>Bradesco<\/b>, nesta segunda-feira, 31 de mar\u00e7o.<\/p>\n<p>Jonas da Fonseca Correa, da ag\u00eancia 2051, Vilar do Teles, foi demitido em outubro de 2024, sendo portador de doen\u00e7a ocupacional.<\/p>\n<p>O banc\u00e1rio procurou o Sindicato, ap\u00f3s a demiss\u00e3o, e foi reintegrado, tendo todos os seus direitos mantidos e garantidos.<\/p>\n<p>&#8220;Quero agradecer, primeiramente, a Deus. E, tamb\u00e9m, toda equipe jur\u00eddica e de sa\u00fade do Sindicato. Foram exemplares e prestaram um servi\u00e7o de qualidade. Me senti acolhido desde a demiss\u00e3o, onde fiz contato com o Diretor Ricardo e, posteriormente, com o Dr. Luiz Paulo. N\u00f3s, banc\u00e1rios, possu\u00edmos uma ferramenta que nos auxilia sempre que precisamos, que \u00e9 o Sindicato. Fico feliz n\u00e3o s\u00f3 pela reintegra\u00e7\u00e3o, mas por saber que a entidade sindical est\u00e1 ao nosso lado, ao lado do trabalhador. Fica a dica para quem ainda n\u00e3o \u00e9 filiado: sindicalize-se. Vamos apoiar quem est\u00e1 conosco. &#8220;, comentou Jonas.<\/p>\n<p>Jonas \u00e9 sindicalizado e teve, desde o in\u00edcio de todo este processo, suporte e atendimento do Departamento Jur\u00eddico do Sindicato, atrav\u00e9s do advogado Luiz Paulo, do Escrit\u00f3rio Baptista &amp; Reis Advogados Associados, e pelo Departamento de Sa\u00fade.<\/p>\n<p>A reintegra\u00e7\u00e3o foi acompanhada pelos diretores Pedro Batista, Renata Soeiro, Ricardo de S\u00e1, Martins e Solange Ribeiro.\u00a0<\/p>\n<p><strong>IMPORTANTE<\/strong><\/p>\n<p>\u00c9 fundamental que banc\u00e1rias e banc\u00e1rios, logo que sejam informados de suas demiss\u00f5es, procurem imediatamente atendimento no Sindicato.<\/p>\n<p><b>ATENDIMENTO JUR\u00cdDICO PRESENCIAL<\/b><\/p>\n<p>Nova Igua\u00e7u\u00a0&#8211; \u00e0s\u00a0<em><strong>ter\u00e7as-feiras<\/strong><\/em>, das 11 horas\u00a0<span dir=\"ltr\">\u00e0 13 horas\u00a0<\/span>e das 14 horas \u00e0s 17 horas (telefone:\u00a0<span dir=\"ltr\"><a href=\"tel:21 \/ 2658-8041\">21 \/ 2658-8041<\/a><\/span>)<\/p>\n<p>Duque de Caxias\u00a0&#8211; \u00e0s\u00a0<strong><em>quintas-feiras<\/em><\/strong>, das 10 horas \u00e0s 13 horas (telefone:\u00a0<span dir=\"ltr\"><a href=\"tel:21 \/ 26710-110\">21 \/ 26710-110<\/a><\/span>)<\/p>\n<p><b>SINDICALIZE-SE!<\/b><\/p>\n<p>\u00a0<\/p>\n","protected":false},"excerpt":{"rendered":"<p>O Sindicato dos Banc\u00e1rios da Baixada Fluminense reintegrou mais um funcion\u00e1rio do Banco Bradesco, nesta segunda-feira, 31 de mar\u00e7o. Jonas da Fonseca Correa, da ag\u00eancia 2051, Vilar do Teles, foi demitido em outubro de 2024, sendo portador de doen\u00e7a ocupacional. O banc\u00e1rio procurou o Sindicato, ap\u00f3s a demiss\u00e3o, e foi reintegrado, tendo todos os seus [&hellip;]<\/p>\n","protected":false},"author":2,"featured_media":16257,"comment_status":"","ping_status":"","sticky":false,"template":"","format":"standard","meta":{"footnotes":""},"categories":[3],"tags":[],"class_list":["post-16258","post","type-post","status-publish","format-standard","has-post-thumbnail","hentry","category-noticias"],"_links":{"self":[{"href":"https:\/\/hostnetart.com.br\/baixada\/wp-json\/wp\/v2\/posts\/16258","targetHints":{"allow":["GET"]}}],"collection":[{"href":"https:\/\/hostnetart.com.br\/baixada\/wp-json\/wp\/v2\/posts"}],"about":[{"href":"https:\/\/hostnetart.com.br\/baixada\/wp-json\/wp\/v2\/types\/post"}],"author":[{"embeddable":true,"href":"https:\/\/hostnetart.com.br\/baixada\/wp-json\/wp\/v2\/users\/2"}],"replies":[{"embeddable":true,"href":"https:\/\/hostnetart.com.br\/baixada\/wp-json\/wp\/v2\/comments?post=16258"}],"version-history":[{"count":0,"href":"https:\/\/hostnetart.com.br\/baixada\/wp-json\/wp\/v2\/posts\/16258\/revisions"}],"wp:featuredmedia":[{"embeddable":true,"href":"https:\/\/hostnetart.com.br\/baixada\/wp-json\/wp\/v2\/media\/16257"}],"wp:attachment":[{"href":"https:\/\/hostnetart.com.br\/baixada\/wp-json\/wp\/v2\/media?parent=16258"}],"wp:term":[{"taxonomy":"category","embeddable":true,"href":"https:\/\/hostnetart.com.br\/baixada\/wp-json\/wp\/v2\/categories?post=16258"},{"taxonomy":"post_tag","embeddable":true,"href":"https:\/\/hostnetart.com.br\/baixada\/wp-json\/wp\/v2\/tags?post=16258"}],"curies":[{"name":"wp","href":"https:\/\/api.w.org\/{rel}","templated":true}]}}