{"id":16254,"date":"2025-03-26T14:07:39","date_gmt":"2025-03-26T17:07:39","guid":{"rendered":"https:\/\/hostnetart.com.br\/baixada\/contraf-cut-realiza-conferencia-livre-nacional-sobre-a-saude-dos-trabalhadores\/"},"modified":"2025-03-26T14:07:39","modified_gmt":"2025-03-26T17:07:39","slug":"contraf-cut-realiza-conferencia-livre-nacional-sobre-a-saude-dos-trabalhadores","status":"publish","type":"post","link":"https:\/\/hostnetart.com.br\/baixada\/contraf-cut-realiza-conferencia-livre-nacional-sobre-a-saude-dos-trabalhadores\/","title":{"rendered":"Contraf-CUT realiza Confer\u00eancia Livre Nacional sobre a sa\u00fade dos trabalhadores"},"content":{"rendered":"<p>A Confedera\u00e7\u00e3o Nacional dos Trabalhadores do Ramo Financeiro (Contraf-CUT) realizou, nesta quarta-feira (26), a Confer\u00eancia Livre Nacional dentro da 5\u00aa Confer\u00eancia Nacional de Sa\u00fade dos Trabalhadores e Trabalhadoras (CNSTT). O evento ocorreu em formato h\u00edbrido, com participa\u00e7\u00e3o presencial na sede da Contraf-CUT, em S\u00e3o Paulo, e transmiss\u00e3o virtual pela plataforma Zoom.<\/p>\n<p>Com o tema \u201cSA\u00daDE \u00c9 DOS TRABALHADORES \u2013 Empoderar os sindicatos, enquadrar as empresas, dever do Estado\u201d, a Confer\u00eancia Livre reuniu dirigentes sindicais, especialistas e trabalhadores para discutir condi\u00e7\u00f5es de trabalho e fortalecer a atua\u00e7\u00e3o sindical na defesa da sa\u00fade dos trabalhadores.<\/p>\n<p>Para o secret\u00e1rio de Sa\u00fade da Contraf-CUT, Mauro Salles, a Confer\u00eancia Livre Nacional foi uma oportunidade essencial para fortalecer a luta sindical em defesa da sa\u00fade dos trabalhadores. \u201cOs sindicatos desempenham um papel fundamental na fiscaliza\u00e7\u00e3o das condi\u00e7\u00f5es de trabalho e na luta por um ambiente saud\u00e1vel e seguro. Esse espa\u00e7o foi crucial para debater propostas concretas e exigir o compromisso do Estado e das empresas com a sa\u00fade da classe trabalhadora\u201d, destacou Salles.<\/p>\n<p>Ele refor\u00e7ou a import\u00e2ncia da participa\u00e7\u00e3o ativa dos trabalhadores: \u201cGarantir que a sa\u00fade no ambiente de trabalho seja tratada como prioridade depende do engajamento de todos. O evento foi um espa\u00e7o essencial para a constru\u00e7\u00e3o de melhores condi\u00e7\u00f5es de trabalho e para o fortalecimento da luta sindical pela sa\u00fade da classe trabalhadora.\u201d<\/p>\n<p><strong>Fonte: Contraf-CUT<\/strong><\/p>\n","protected":false},"excerpt":{"rendered":"<p>A Confedera\u00e7\u00e3o Nacional dos Trabalhadores do Ramo Financeiro (Contraf-CUT) realizou, nesta quarta-feira (26), a Confer\u00eancia Livre Nacional dentro da 5\u00aa Confer\u00eancia Nacional de Sa\u00fade dos Trabalhadores e Trabalhadoras (CNSTT). O evento ocorreu em formato h\u00edbrido, com participa\u00e7\u00e3o presencial na sede da Contraf-CUT, em S\u00e3o Paulo, e transmiss\u00e3o virtual pela plataforma Zoom. Com o tema \u201cSA\u00daDE [&hellip;]<\/p>\n","protected":false},"author":2,"featured_media":16253,"comment_status":"","ping_status":"","sticky":false,"template":"","format":"standard","meta":{"footnotes":""},"categories":[3],"tags":[],"class_list":["post-16254","post","type-post","status-publish","format-standard","has-post-thumbnail","hentry","category-noticias"],"_links":{"self":[{"href":"https:\/\/hostnetart.com.br\/baixada\/wp-json\/wp\/v2\/posts\/16254","targetHints":{"allow":["GET"]}}],"collection":[{"href":"https:\/\/hostnetart.com.br\/baixada\/wp-json\/wp\/v2\/posts"}],"about":[{"href":"https:\/\/hostnetart.com.br\/baixada\/wp-json\/wp\/v2\/types\/post"}],"author":[{"embeddable":true,"href":"https:\/\/hostnetart.com.br\/baixada\/wp-json\/wp\/v2\/users\/2"}],"replies":[{"embeddable":true,"href":"https:\/\/hostnetart.com.br\/baixada\/wp-json\/wp\/v2\/comments?post=16254"}],"version-history":[{"count":0,"href":"https:\/\/hostnetart.com.br\/baixada\/wp-json\/wp\/v2\/posts\/16254\/revisions"}],"wp:featuredmedia":[{"embeddable":true,"href":"https:\/\/hostnetart.com.br\/baixada\/wp-json\/wp\/v2\/media\/16253"}],"wp:attachment":[{"href":"https:\/\/hostnetart.com.br\/baixada\/wp-json\/wp\/v2\/media?parent=16254"}],"wp:term":[{"taxonomy":"category","embeddable":true,"href":"https:\/\/hostnetart.com.br\/baixada\/wp-json\/wp\/v2\/categories?post=16254"},{"taxonomy":"post_tag","embeddable":true,"href":"https:\/\/hostnetart.com.br\/baixada\/wp-json\/wp\/v2\/tags?post=16254"}],"curies":[{"name":"wp","href":"https:\/\/api.w.org\/{rel}","templated":true}]}}