{"id":16252,"date":"2025-03-26T14:03:28","date_gmt":"2025-03-26T17:03:28","guid":{"rendered":"https:\/\/hostnetart.com.br\/baixada\/chapa-1-vence-eleicoes-para-a-fundacao-itau\/"},"modified":"2025-03-26T14:03:28","modified_gmt":"2025-03-26T17:03:28","slug":"chapa-1-vence-eleicoes-para-a-fundacao-itau","status":"publish","type":"post","link":"https:\/\/hostnetart.com.br\/baixada\/chapa-1-vence-eleicoes-para-a-fundacao-itau\/","title":{"rendered":"Chapa 1 vence elei\u00e7\u00f5es para a Funda\u00e7\u00e3o Ita\u00fa"},"content":{"rendered":"<p>A Chapa 1 \u2013 &#8220;O futuro \u00e9 hoje&#8221; venceu as elei\u00e7\u00f5es para a Funda\u00e7\u00e3o Ita\u00fa em vota\u00e7\u00e3o digital. Banc\u00e1rios ativos e assistidos puderam escolher seus representantes para o Conselho Deliberativo, Conselho Fiscal e Comit\u00eas de Planos, abrangendo participantes ativos, autopatrocinados, optantes pelo Benef\u00edcio Proporcional Diferido (BPD) e aqueles em fase de op\u00e7\u00e3o.<\/p>\n<p>O apoio do Movimento Sindical refor\u00e7a a import\u00e2ncia da presen\u00e7a de representantes dos trabalhadores na gest\u00e3o do fundo de pens\u00e3o.<\/p>\n<p>Com a vit\u00f3ria da Chapa 1, a expectativa \u00e9 que os representantes eleitos atuem para fortalecer a governan\u00e7a da Funda\u00e7\u00e3o Ita\u00fa e ampliar a participa\u00e7\u00e3o dos trabalhadores nas decis\u00f5es estrat\u00e9gicas da entidade.<\/p>\n<p><strong>Fonte: Contraf-CUT<\/strong><\/p>\n","protected":false},"excerpt":{"rendered":"<p>A Chapa 1 \u2013 &#8220;O futuro \u00e9 hoje&#8221; venceu as elei\u00e7\u00f5es para a Funda\u00e7\u00e3o Ita\u00fa em vota\u00e7\u00e3o digital. Banc\u00e1rios ativos e assistidos puderam escolher seus representantes para o Conselho Deliberativo, Conselho Fiscal e Comit\u00eas de Planos, abrangendo participantes ativos, autopatrocinados, optantes pelo Benef\u00edcio Proporcional Diferido (BPD) e aqueles em fase de op\u00e7\u00e3o. O apoio do [&hellip;]<\/p>\n","protected":false},"author":2,"featured_media":16251,"comment_status":"","ping_status":"","sticky":false,"template":"","format":"standard","meta":{"footnotes":""},"categories":[3],"tags":[],"class_list":["post-16252","post","type-post","status-publish","format-standard","has-post-thumbnail","hentry","category-noticias"],"_links":{"self":[{"href":"https:\/\/hostnetart.com.br\/baixada\/wp-json\/wp\/v2\/posts\/16252","targetHints":{"allow":["GET"]}}],"collection":[{"href":"https:\/\/hostnetart.com.br\/baixada\/wp-json\/wp\/v2\/posts"}],"about":[{"href":"https:\/\/hostnetart.com.br\/baixada\/wp-json\/wp\/v2\/types\/post"}],"author":[{"embeddable":true,"href":"https:\/\/hostnetart.com.br\/baixada\/wp-json\/wp\/v2\/users\/2"}],"replies":[{"embeddable":true,"href":"https:\/\/hostnetart.com.br\/baixada\/wp-json\/wp\/v2\/comments?post=16252"}],"version-history":[{"count":0,"href":"https:\/\/hostnetart.com.br\/baixada\/wp-json\/wp\/v2\/posts\/16252\/revisions"}],"wp:featuredmedia":[{"embeddable":true,"href":"https:\/\/hostnetart.com.br\/baixada\/wp-json\/wp\/v2\/media\/16251"}],"wp:attachment":[{"href":"https:\/\/hostnetart.com.br\/baixada\/wp-json\/wp\/v2\/media?parent=16252"}],"wp:term":[{"taxonomy":"category","embeddable":true,"href":"https:\/\/hostnetart.com.br\/baixada\/wp-json\/wp\/v2\/categories?post=16252"},{"taxonomy":"post_tag","embeddable":true,"href":"https:\/\/hostnetart.com.br\/baixada\/wp-json\/wp\/v2\/tags?post=16252"}],"curies":[{"name":"wp","href":"https:\/\/api.w.org\/{rel}","templated":true}]}}