{"id":16250,"date":"2025-03-26T14:01:33","date_gmt":"2025-03-26T17:01:33","guid":{"rendered":"https:\/\/hostnetart.com.br\/baixada\/saude-caixa-quase-24-mil-pessoas-ja-aderiram-ao-abaixo-assinado\/"},"modified":"2025-03-26T14:01:33","modified_gmt":"2025-03-26T17:01:33","slug":"saude-caixa-quase-24-mil-pessoas-ja-aderiram-ao-abaixo-assinado","status":"publish","type":"post","link":"https:\/\/hostnetart.com.br\/baixada\/saude-caixa-quase-24-mil-pessoas-ja-aderiram-ao-abaixo-assinado\/","title":{"rendered":"Sa\u00fade Caixa: quase 24 mil pessoas j\u00e1 aderiram ao abaixo-assinado"},"content":{"rendered":"<p>Empregadas e empregados da Caixa Econ\u00f4mica Federal, organizados por seus sindicatos, realizaram, na semana de 17 a 23 de janeiro, atividades em ag\u00eancias e departamentos administrativos do banco, nas redes sociais e distribu\u00edram mensagens via aplicativos de mensagens para ampliar o\u00a0<a href=\"https:\/\/www.change.org\/p\/sa%C3%BAde-caixa-300-mil-vidas-pedem-aten%C3%A7%C3%A3o\" target=\"_blank\" rel=\"noopener noreferrer\">apoio ao abaixo-assinado<\/a>\u00a0\u201cSa\u00fade Caixa &#8211; 300 Mil Vidas Pedem Aten\u00e7\u00e3o\u201d, criado pela empregada aposentada, que milita em defesa do Sa\u00fade Caixa, Bete Moreira. Os atos s\u00e3o parte da campanha \u201cQueremos Sa\u00fade, Caixa\u201d.<\/p>\n<p><strong>&gt;&gt;&gt;&gt;&gt;<\/strong>\u00a0<a href=\"https:\/\/contrafcut.com.br\/noticias\/campanha-queremos-saude-caixa-ganha-forca-na-luta-por-melhorias-no-plano-de-saude\/\" target=\"_blank\" rel=\"noopener noreferrer\">Saiba mais sobre a Bete Moreira<\/a><\/p>\n<p>\u201cA Bete \u00e9 uma empregada aposentada, que n\u00e3o \u00e9 vinculada a entidades sindicais. Ela milita voluntariamente em defesa do plano de sa\u00fade do pessoal da Caixa. Nosso apoio ao abaixo-assinado \u00e9 o apoio \u00e0 esta luta, que n\u00e3o \u00e9 s\u00f3 dela, \u00e9 de todos n\u00f3s, empregadas e empregados da Caixa\u201d, explicou o diretor da Contraf-CUT e coordenador da Comiss\u00e3o Executiva dos Empregados (CEE) da Caixa, Rafael de Castro. \u201cTodos n\u00f3s queremos que a Caixa melhore a qualidade da rede credenciada e quest\u00f5es operacionais do plano, para melhorar o atendimento aos usu\u00e1rios e prestadores de servi\u00e7os que atendem pelo Sa\u00fade Caixa.<\/p>\n<p>\u201cTamb\u00e9m queremos que o banco altere seu estatuto, para que possa cumprir com o que define nosso Acordo Coletivo de Trabalho (ACT) sobre o custeio do Sa\u00fade Caixa\u201d, completou a empregada da Caixa e secret\u00e1ria de Forma\u00e7\u00e3o da Contraf-CUT, Eliana Brasil.<\/p>\n<p>\u201cNossa ideia \u00e9 unir todas as entidades, de representa\u00e7\u00e3o e associativas, das empregadas e empregados em torno das iniciativas que reivindicam a melhoria do atendimento do Sa\u00fade Caixa e o fim do teto de custeio da Caixa com a sa\u00fade de seu quadro de pessoal. Precisamos estar unidos, somar for\u00e7as, para atingirmos nosso objetivo\u201d, completou Eliana, ao lembrar que o ACT do Sa\u00fade Caixa prev\u00ea que o banco arque com 70% dos custos do plano. Entretanto hoje, devido ao teto de custeio, os empregados pagam quase 50% dos custos.<\/p>\n<p>\u201cO Sa\u00fade Caixa \u00e9 uma das maiores conquistas dos trabalhadores do banco, um plano de sa\u00fade que tem diversas coberturas que os planos do mercado n\u00e3o t\u00eam, muitas delas, inclusive, acima da exig\u00eancias da ANS (Ag\u00eancia Nacional de Sa\u00fade Suplementar)\u201d, disse a dirigente da Contraf-CUT.<\/p>\n<h2><strong>A campanha<\/strong><\/h2>\n<p>A campanha \u201cQueremos Sa\u00fade, Caixa\u201d come\u00e7ou a ser realizada em fevereiro, quando os empregados foram incentivados a direcionar diretamente \u00e0 Central Sa\u00fade Caixa a reclama\u00e7\u00f5es que normalmente s\u00e3o feitas aos sindicatos.<\/p>\n<p>Em fevereiro, a inten\u00e7\u00e3o foi a de deixar claro, para os respons\u00e1veis pela administra\u00e7\u00e3o do Sa\u00fade Caixa, que as reclama\u00e7\u00f5es que as entidades sindicais repassam ao banco v\u00eam das ag\u00eancias e departamentos da Caixa.<\/p>\n<p><strong>&gt;&gt;&gt;&gt;&gt;<\/strong>\u00a0<a href=\"https:\/\/contrafcut.com.br\/noticias\/campanha-queremos-saude-caixa-e-um-sucesso-entre-os-empregados\/\" target=\"_blank\" rel=\"noopener noreferrer\">Campanha &#8220;Queremos Sa\u00fade, Caixa&#8221; \u00e9 um sucesso entre os empregados<\/a><\/p>\n<h2><strong>Pra melhorar<\/strong><\/h2>\n<p>Para Eliana, a defesa do Sa\u00fade Caixa passa pela melhoria da rede credenciada do plano, principalmente em cidades mais afastadas dos grandes centros financeiros do pa\u00eds e em bairros das periferias das grandes cidades. Passa tamb\u00e9m pela conten\u00e7\u00e3o dos aumentos das mensalidades do plano de sa\u00fade.<\/p>\n<p>\u201cEsta campanha est\u00e1 sendo realizada porque defendemos o Sa\u00fade Caixa e n\u00e3o queremos que ele seja precarizado e se torne um plano como outro qualquer do mercado\u201d, completou a secret\u00e1ria de Forma\u00e7\u00e3o da Contraf-CUT.<\/p>\n<p>\u201cEm decorr\u00eancia de nossa press\u00e3o, o banco vai reativar os comit\u00eas de credenciamento e descredenciamento do Sa\u00fade Caixa, vinculados \u00e0s Gipes e \u00e0s Repes (ger\u00eancias e representa\u00e7\u00f5es regionais de pessoas). Esperamos que a implementa\u00e7\u00e3o destes comit\u00eas n\u00e3o demore muito e ajude a resolver os problemas do plano, mas j\u00e1 adiantemos que manteremos a campanha at\u00e9 que haja a melhoria do atendimento e a revis\u00e3o do teto de custeio\u201d, completou.<\/p>\n<p>A CEE ainda vai se reunir para definir as atividades da campanha \u201cQueremos Sa\u00fade, Caixa\u201d de abril, mas adianta que as a\u00e7\u00f5es do pr\u00f3ximo m\u00eas devem girar em torno da implementa\u00e7\u00e3o dos comit\u00eas regionais de credenciamento e descredenciamento. \u201cJ\u00e1 transcorreu algum tempo da instala\u00e7\u00e3o das Gipes e das Repes. Precisamos agilizar a implementa\u00e7\u00e3o dos comit\u00eas regionais para que eles contribuam com a solu\u00e7\u00e3o de problemas em cada localidade, seja com a indica\u00e7\u00e3o de cl\u00ednicas, hospitais e profissionais de sa\u00fade, seja com a resolu\u00e7\u00e3o de quest\u00f5es operacionais de reembolso, ou pagamento aos prestadores de servi\u00e7o\u201d, disse Rafael.<\/p>\n<p><strong>Fonte: Contraf-CUT<\/strong><\/p>\n","protected":false},"excerpt":{"rendered":"<p>Empregadas e empregados da Caixa Econ\u00f4mica Federal, organizados por seus sindicatos, realizaram, na semana de 17 a 23 de janeiro, atividades em ag\u00eancias e departamentos administrativos do banco, nas redes sociais e distribu\u00edram mensagens via aplicativos de mensagens para ampliar o\u00a0apoio ao abaixo-assinado\u00a0\u201cSa\u00fade Caixa &#8211; 300 Mil Vidas Pedem Aten\u00e7\u00e3o\u201d, criado pela empregada aposentada, que [&hellip;]<\/p>\n","protected":false},"author":2,"featured_media":16249,"comment_status":"","ping_status":"","sticky":false,"template":"","format":"standard","meta":{"footnotes":""},"categories":[3],"tags":[],"class_list":["post-16250","post","type-post","status-publish","format-standard","has-post-thumbnail","hentry","category-noticias"],"_links":{"self":[{"href":"https:\/\/hostnetart.com.br\/baixada\/wp-json\/wp\/v2\/posts\/16250","targetHints":{"allow":["GET"]}}],"collection":[{"href":"https:\/\/hostnetart.com.br\/baixada\/wp-json\/wp\/v2\/posts"}],"about":[{"href":"https:\/\/hostnetart.com.br\/baixada\/wp-json\/wp\/v2\/types\/post"}],"author":[{"embeddable":true,"href":"https:\/\/hostnetart.com.br\/baixada\/wp-json\/wp\/v2\/users\/2"}],"replies":[{"embeddable":true,"href":"https:\/\/hostnetart.com.br\/baixada\/wp-json\/wp\/v2\/comments?post=16250"}],"version-history":[{"count":0,"href":"https:\/\/hostnetart.com.br\/baixada\/wp-json\/wp\/v2\/posts\/16250\/revisions"}],"wp:featuredmedia":[{"embeddable":true,"href":"https:\/\/hostnetart.com.br\/baixada\/wp-json\/wp\/v2\/media\/16249"}],"wp:attachment":[{"href":"https:\/\/hostnetart.com.br\/baixada\/wp-json\/wp\/v2\/media?parent=16250"}],"wp:term":[{"taxonomy":"category","embeddable":true,"href":"https:\/\/hostnetart.com.br\/baixada\/wp-json\/wp\/v2\/categories?post=16250"},{"taxonomy":"post_tag","embeddable":true,"href":"https:\/\/hostnetart.com.br\/baixada\/wp-json\/wp\/v2\/tags?post=16250"}],"curies":[{"name":"wp","href":"https:\/\/api.w.org\/{rel}","templated":true}]}}