{"id":16248,"date":"2025-03-26T13:53:46","date_gmt":"2025-03-26T16:53:46","guid":{"rendered":"https:\/\/hostnetart.com.br\/baixada\/em-reuniao-com-vice-presidentes-representantes-dos-empregados-cobram-combate-ao-assedio-no-banco-e-melhorias-no-saude-caixa\/"},"modified":"2025-03-26T13:53:46","modified_gmt":"2025-03-26T16:53:46","slug":"em-reuniao-com-vice-presidentes-representantes-dos-empregados-cobram-combate-ao-assedio-no-banco-e-melhorias-no-saude-caixa","status":"publish","type":"post","link":"https:\/\/hostnetart.com.br\/baixada\/em-reuniao-com-vice-presidentes-representantes-dos-empregados-cobram-combate-ao-assedio-no-banco-e-melhorias-no-saude-caixa\/","title":{"rendered":"Em reuni\u00e3o com vice-presidentes, representantes dos empregados cobram combate ao ass\u00e9dio no banco e melhorias no Sa\u00fade Caixa"},"content":{"rendered":"<p><strong>Texto:<\/strong>\u00a0<a href=\"https:\/\/www.fenae.org.br\/portal\/fenae-portal\/em-reuniao-com-vice-presidentes-representantes-dos-empregados-cobram-combate-ao-assedio-no-banco-e-melhorias-no-saude-caixa-8A19A3049594C5570195CEB407D34682-00.htm\" target=\"_blank\" rel=\"noopener noreferrer\">Fenae<\/a><\/p>\n<p>Dirigentes de entidades representativas dos empregados da Caixa Econ\u00f4mica Federal refor\u00e7aram a cobran\u00e7a por medidas para combater o ass\u00e9dio moral no banco e a ado\u00e7\u00e3o de medidas para melhorar o atendimento do Sa\u00fade Caixa. Em reuni\u00e3o com os vice-presidentes de Pessoas e de Rede, nesta ter\u00e7a (25), eles ressaltaram a recorr\u00eancia dos problemas e a falta de solu\u00e7\u00f5es, o que tem gerado insatisfa\u00e7\u00e3o entre os trabalhadores.<\/p>\n<p>Um abaixo-assinado em defesa do Sa\u00fade Caixa com quase 24 mil assinaturas foi entregue no encontro. Os usu\u00e1rios do plano de sa\u00fade reivindicam, entre outras medidas, estrutura adequada para as Gipes e instala\u00e7\u00e3o dos comit\u00eas regionais de credenciamento e descredenciamento. Reivindicam tamb\u00e9m a conten\u00e7\u00e3o dos aumentos das mensalidades do plano de sa\u00fade.<\/p>\n<p>Participaram da reuni\u00e3o, representando os empregados, Sergio Takemoto, presidente da Federa\u00e7\u00e3o Nacional das Associa\u00e7\u00f5es do Pessoal da Caixa (Fenae); Rafael de Castro, coordenador da CEE e diretor da Fenae e da Confedera\u00e7\u00e3o Nacional dos Trabalhadores do Ramo Financeiro (Contraf-CUT); e Fabiana Uehara Proscholdt, representante dos empregados no Conselho de Administra\u00e7\u00e3o da Caixa.<\/p>\n<p>Eles foram recebidos pelos vice-presidentes, Francisco Eg\u00eddio Pel\u00facio Martins (VP de Pessoas) e Adriano Assis Matias (VP de Redes), al\u00e9m do diretor de Pessoas, Sidney Soares Filho.<\/p>\n<p>\u201cO vice-presidente Francisco Eg\u00eddio ficou de analisar nossas propostas e nossas reivindica\u00e7\u00f5es de melhorias no plano, do atendimento aos usu\u00e1rios e da cria\u00e7\u00e3o dos comit\u00eas de credenciamento e descredenciamento. Foi uma reuni\u00e3o muito importante para tratar n\u00e3o s\u00f3 do Sa\u00fade Caixa, mas tamb\u00e9m das den\u00fancias de ass\u00e9dio moral que est\u00e3o permeando as rela\u00e7\u00f5es de trabalho dentro das unidades do banco\u201d, ressaltou Sergio Takemoto.<\/p>\n<p>Para o coordenador da CEE, a reuni\u00e3o marca a abertura de um espa\u00e7o de di\u00e1logo para tratar das reivindica\u00e7\u00f5es de melhorias das condi\u00e7\u00f5es de trabalho no banco. \u201cInfelizmente, o ass\u00e9dio moral \u00e9 uma quest\u00e3o que permanece em nossa pauta. Na reuni\u00e3o, tratamos com os vice-presidentes de quest\u00f5es como TDV (Time de Vendas), ranqueamento individual e a divulga\u00e7\u00e3o de rankings, o que contraria nosso acordo. Queremos que esse di\u00e1logo seja permanente para debater e cobrar solu\u00e7\u00f5es por parte da Caixa\u201d, disse Rafael de Castro.<\/p>\n<p>Na reuni\u00e3o, os representantes dos empregados abordaram o impacto do resultado da atua\u00e7\u00e3o\/desempenho dos correspondentes que afetam o TDV das unidades, al\u00e9m da necessidade de revisar quest\u00f5es da sua mensura\u00e7\u00e3o. \u201cSeria pertinente que o TDV, que \u00e9 um \u00edndice semestral, sofresse adequa\u00e7\u00f5es para per\u00edodos de f\u00e9rias dos trabalhadores, porque quando o empregado sai de f\u00e9rias, precisa cumprir em cinco meses a meta estabelecida para o per\u00edodo de seis meses\u201d, explicou o coordenador da CEE.<\/p>\n<p>Outro aspecto tratado junto ao VP \u00e9 a necessidade de uma orienta\u00e7\u00e3o que aborde as cobran\u00e7as, de hora em hora, por resultados. Este tipo de cobran\u00e7a gera enorme desgaste nos empregados e \u00e9 um grande fator de adoecimento da categoria.<\/p>\n<p>A conselheira eleita, Fabiana Uehara, destaca que tem acompanhado as den\u00fancias que recebe sobre ass\u00e9dio e levado \u00e0 dire\u00e7\u00e3o do banco. \u201cN\u00e3o podemos admitir que pr\u00e1ticas como ranking e a divulga\u00e7\u00e3o dos resultados, como forma de constrangimento, continuem acontecendo na Caixa\u201d.<\/p>\n<p>Fabiana Uehara solicitou informa\u00e7\u00f5es atualizadas sobre adoecimento no banco. \u201cPrecisamos dos n\u00fameros e das causas do adoecimento das empregadas e empregados\u201d, acrescentou a conselheira.<\/p>\n<p>Na semana passada, a Contraf-CUT enviou of\u00edcio \u00e0 dire\u00e7\u00e3o do banco pedindo explica\u00e7\u00f5es sobre cobran\u00e7as abusivas de metas e ass\u00e9dio.<br \/>\u201cRefor\u00e7amos aos empregados que aproveitem o espa\u00e7o aberto pelo di\u00e1logo de hoje para que possamos levar esses e outros pontos que n\u00e3o tenham sido abordados. Encaminhe sua demanda de forma privada pelas redes sociais ou via e-mail para\u00a0fenae@fenae.org.br\u201d, complementou o coordenador da CEE.<br \/>\u00a0<\/p>\n<p><strong>Fonte: Contraf-CUT<\/strong><\/p>\n","protected":false},"excerpt":{"rendered":"<p>Texto:\u00a0Fenae Dirigentes de entidades representativas dos empregados da Caixa Econ\u00f4mica Federal refor\u00e7aram a cobran\u00e7a por medidas para combater o ass\u00e9dio moral no banco e a ado\u00e7\u00e3o de medidas para melhorar o atendimento do Sa\u00fade Caixa. Em reuni\u00e3o com os vice-presidentes de Pessoas e de Rede, nesta ter\u00e7a (25), eles ressaltaram a recorr\u00eancia dos problemas e [&hellip;]<\/p>\n","protected":false},"author":2,"featured_media":16247,"comment_status":"","ping_status":"","sticky":false,"template":"","format":"standard","meta":{"footnotes":""},"categories":[3],"tags":[],"class_list":["post-16248","post","type-post","status-publish","format-standard","has-post-thumbnail","hentry","category-noticias"],"_links":{"self":[{"href":"https:\/\/hostnetart.com.br\/baixada\/wp-json\/wp\/v2\/posts\/16248","targetHints":{"allow":["GET"]}}],"collection":[{"href":"https:\/\/hostnetart.com.br\/baixada\/wp-json\/wp\/v2\/posts"}],"about":[{"href":"https:\/\/hostnetart.com.br\/baixada\/wp-json\/wp\/v2\/types\/post"}],"author":[{"embeddable":true,"href":"https:\/\/hostnetart.com.br\/baixada\/wp-json\/wp\/v2\/users\/2"}],"replies":[{"embeddable":true,"href":"https:\/\/hostnetart.com.br\/baixada\/wp-json\/wp\/v2\/comments?post=16248"}],"version-history":[{"count":0,"href":"https:\/\/hostnetart.com.br\/baixada\/wp-json\/wp\/v2\/posts\/16248\/revisions"}],"wp:featuredmedia":[{"embeddable":true,"href":"https:\/\/hostnetart.com.br\/baixada\/wp-json\/wp\/v2\/media\/16247"}],"wp:attachment":[{"href":"https:\/\/hostnetart.com.br\/baixada\/wp-json\/wp\/v2\/media?parent=16248"}],"wp:term":[{"taxonomy":"category","embeddable":true,"href":"https:\/\/hostnetart.com.br\/baixada\/wp-json\/wp\/v2\/categories?post=16248"},{"taxonomy":"post_tag","embeddable":true,"href":"https:\/\/hostnetart.com.br\/baixada\/wp-json\/wp\/v2\/tags?post=16248"}],"curies":[{"name":"wp","href":"https:\/\/api.w.org\/{rel}","templated":true}]}}