{"id":16246,"date":"2025-03-21T14:04:30","date_gmt":"2025-03-21T17:04:30","guid":{"rendered":"https:\/\/hostnetart.com.br\/baixada\/caixa-assedio-na-cobranca-de-metas-preocupa-e-adoece\/"},"modified":"2025-03-21T14:04:30","modified_gmt":"2025-03-21T17:04:30","slug":"caixa-assedio-na-cobranca-de-metas-preocupa-e-adoece","status":"publish","type":"post","link":"https:\/\/hostnetart.com.br\/baixada\/caixa-assedio-na-cobranca-de-metas-preocupa-e-adoece\/","title":{"rendered":"Caixa: ass\u00e9dio na cobran\u00e7a de metas preocupa e adoece"},"content":{"rendered":"<p>A Confedera\u00e7\u00e3o Nacional dos Trabalhadores do Ramo Financeiro (Contraf-CUT) enviou, nesta quinta-feira (20), um of\u00edcio \u00e0 Caixa Econ\u00f4mica Federal pedindo explica\u00e7\u00f5es sobre cobran\u00e7as abusivas de metas e ass\u00e9dio.<\/p>\n<p>\u201cOs sindicatos est\u00e3o recebendo relatos de que est\u00e3o sendo estipuladas metas individualizadas por gerente, com objetivo di\u00e1rio, semanal e mensal a serem cumpridos e, caso n\u00e3o sejam alcan\u00e7adas, o que n\u00e3o for cumprido acumula com para o dia seguinte. Al\u00e9m disso, h\u00e1 a exposi\u00e7\u00e3o constrangedora daqueles que n\u00e3o alcan\u00e7am os resultados\u201d, disse o diretor da Contraf-CUT e coordenador da Comiss\u00e3o Executiva dos Empregados (CEE) da Caixa, Rafael de Castro, ao lembrar que tanto rankings individuais, quanto o constrangimento n\u00e3o s\u00e3o permitidos pela Conven\u00e7\u00e3o Coletiva de Trabalho (CCT) da categoria. \u201cE, para al\u00e9m da CCT, a Justi\u00e7a tem classificado o constrangimento como ass\u00e9dio e condenado as empresas que t\u00eam essa pr\u00e1tica\u201d, completou.<\/p>\n<h2><strong>Al\u00e9m da meta<\/strong><\/h2>\n<p>Segundo relatos, as cobran\u00e7as s\u00e3o pelo cumprimento das metas da Caixa, al\u00e9m de outras espec\u00edficas das Superintend\u00eancias Regionais, com objetivos maiores do que as estipuladas pelo banco, com a finalidade de se buscar o \u201cdestaque nacional\u201d.<\/p>\n<p>\u201cO que nos chegou, \u00e9 que a ideia \u00e9 mensurar a produ\u00e7\u00e3o individual, gerar disputa, para justificar transfer\u00eancias (promo\u00e7\u00f5es e descensos) conforme a produ\u00e7\u00e3o\u201d, informou o coordenador da CEE. \u201cA justificativa utilizada \u00e9 que, para o desenvolvimento da equipe, \u00e9 preciso mensurar a produ\u00e7\u00e3o individual. Ou seja, utilizam rankings individuais, que n\u00e3o s\u00e3o permitidos, al\u00e9m de planilha de quota parte e outros meios mensura\u00e7\u00e3o\u201d, completou.<\/p>\n<p>No of\u00edcio, a Contraf-CUT observa que as cobran\u00e7as s\u00e3o de que n\u00e3o basta apenas estar no azul. \u201c\u00c9 preciso entregar todas as metas do Time de Vendas (TDV), das campanhas e o sprint que a SR pedir. E, mesmo que se tenha cumprido as metas individuais e de ag\u00eancia, se a SR ou Sev de vincula\u00e7\u00e3o estiver abaixo da meta, mesmo com a ag\u00eancia estando no azul, \u00e9 preciso fazer mais para que a SR ou a Sev alcance o seu objetivo\u201d, diz um trecho do texto.<\/p>\n<p>\u201cGerentes que apresentem quest\u00f5es propositivas \u00e0s pr\u00e1ticas de cobran\u00e7as s\u00e3o assediados e ficam com o estigma de empregados contestadores\u201d, disse Rafael. \u201cEsta press\u00e3o tem deixado muitos colegas transtornados e tornado o ambiente de trabalho insustent\u00e1vel. Tanto para aqueles do regime remoto, quanto para as equipes da rede de ag\u00eancias e outros departamentos\u201d, continuou.<br \/>Outra pr\u00e1tica que tem causado mal-estar entre os trabalhadores da Caixa, segundo os relatos, \u00e9 de que est\u00e3o sendo descontados, no valor do b\u00f4nus, os per\u00edodos de licen\u00e7a m\u00e9dica.<\/p>\n<p>\u201cCobramos da Caixa uma reuni\u00e3o o mais r\u00e1pido poss\u00edvel para tratar sobre esses temas\u201d, informou o coordenador da CEE\/Caixa.<\/p>\n<p><strong>Fonte: Contraf-CUT<\/strong><\/p>\n","protected":false},"excerpt":{"rendered":"<p>A Confedera\u00e7\u00e3o Nacional dos Trabalhadores do Ramo Financeiro (Contraf-CUT) enviou, nesta quinta-feira (20), um of\u00edcio \u00e0 Caixa Econ\u00f4mica Federal pedindo explica\u00e7\u00f5es sobre cobran\u00e7as abusivas de metas e ass\u00e9dio. \u201cOs sindicatos est\u00e3o recebendo relatos de que est\u00e3o sendo estipuladas metas individualizadas por gerente, com objetivo di\u00e1rio, semanal e mensal a serem cumpridos e, caso n\u00e3o sejam [&hellip;]<\/p>\n","protected":false},"author":2,"featured_media":16245,"comment_status":"","ping_status":"","sticky":false,"template":"","format":"standard","meta":{"footnotes":""},"categories":[3],"tags":[],"class_list":["post-16246","post","type-post","status-publish","format-standard","has-post-thumbnail","hentry","category-noticias"],"_links":{"self":[{"href":"https:\/\/hostnetart.com.br\/baixada\/wp-json\/wp\/v2\/posts\/16246","targetHints":{"allow":["GET"]}}],"collection":[{"href":"https:\/\/hostnetart.com.br\/baixada\/wp-json\/wp\/v2\/posts"}],"about":[{"href":"https:\/\/hostnetart.com.br\/baixada\/wp-json\/wp\/v2\/types\/post"}],"author":[{"embeddable":true,"href":"https:\/\/hostnetart.com.br\/baixada\/wp-json\/wp\/v2\/users\/2"}],"replies":[{"embeddable":true,"href":"https:\/\/hostnetart.com.br\/baixada\/wp-json\/wp\/v2\/comments?post=16246"}],"version-history":[{"count":0,"href":"https:\/\/hostnetart.com.br\/baixada\/wp-json\/wp\/v2\/posts\/16246\/revisions"}],"wp:featuredmedia":[{"embeddable":true,"href":"https:\/\/hostnetart.com.br\/baixada\/wp-json\/wp\/v2\/media\/16245"}],"wp:attachment":[{"href":"https:\/\/hostnetart.com.br\/baixada\/wp-json\/wp\/v2\/media?parent=16246"}],"wp:term":[{"taxonomy":"category","embeddable":true,"href":"https:\/\/hostnetart.com.br\/baixada\/wp-json\/wp\/v2\/categories?post=16246"},{"taxonomy":"post_tag","embeddable":true,"href":"https:\/\/hostnetart.com.br\/baixada\/wp-json\/wp\/v2\/tags?post=16246"}],"curies":[{"name":"wp","href":"https:\/\/api.w.org\/{rel}","templated":true}]}}