{"id":16244,"date":"2025-03-20T18:00:22","date_gmt":"2025-03-20T21:00:22","guid":{"rendered":"https:\/\/hostnetart.com.br\/baixada\/caixa-representacao-sindical-cobra-e-banco-vai-pagar-horas-extras\/"},"modified":"2025-03-20T18:00:22","modified_gmt":"2025-03-20T21:00:22","slug":"caixa-representacao-sindical-cobra-e-banco-vai-pagar-horas-extras","status":"publish","type":"post","link":"https:\/\/hostnetart.com.br\/baixada\/caixa-representacao-sindical-cobra-e-banco-vai-pagar-horas-extras\/","title":{"rendered":"Caixa: Representa\u00e7\u00e3o sindical cobra e banco vai pagar horas-extras"},"content":{"rendered":"<p>As empregadas e empregados da Caixa Econ\u00f4mica Federal foram chamados a trabalhar neste final de semana (22 e 23\/03) para atender a uma demanda do Governo Federal. Desta vez, para atender interessados na nova modalidade de cr\u00e9dito consignado, <a href=\"https:\/\/contrafcut.com.br\/noticias\/credito-do-trabalhador-deve-movimentar-r-180-bi-alem-de-reduzir-endividamentos-com-a-queda-nos-juros\/\" target=\"_blank\" rel=\"noopener noreferrer\">criada pelo Programa Cr\u00e9dito do Trabalhador<\/a>. A representa\u00e7\u00e3o sindical dos trabalhadores reivindicou e a Caixa vai pagar as horas-extras trabalhadas.<\/p>\n<p>\u201cAssim como ocorreu durante a pandemia, com o Aux\u00edlio Emergencial, e com os atendimentos das pessoas atingidas pelas inunda\u00e7\u00f5es no Rio Grande do Sul, em 2024, as empregadas e empregados da Caixa foram convocados e se colocar\u00e3o \u00e0 disposi\u00e7\u00e3o para atender \u00e0 demanda. Mas quem trabalha aos s\u00e1bados, domingos e feriados precisa receber de acordo com o que est\u00e1 estipulado em lei. Por isso, cobramos que as horas-extras sejam pagas para todo mundo que trabalhar, seja empregado que atua nas unidades do banco, seja aqueles que trabalham remotamente\u201d, disse o diretor da Contraf-CUT e coordenador da Comiss\u00e3o Executiva dos Empregados (CEE) da Caixa, Rafael de Castro, acrescentando que aos s\u00e1bados cada hora trabalhada vale 1,5 hora e aos domingos o pagamento deve ser dobrado. O Comunicado da Caixa limita o pagamento das horas-extras para o pessoal que trabalha em regime presencial e a compensa\u00e7\u00e3o de horas para quem cumpre a jornada em trabalho remoto.<\/p>\n<p>\u201cN\u00e3o haver\u00e1 atendimento presencial. Somente remoto. Quem j\u00e1 trabalha na modalidade remota, vai trabalhar remotamente. E quem trabalha presencial, neste final de semana trabalhar\u00e1 na modalidade remota. Por que um receber\u00e1 horas-extras e o outro n\u00e3o, se todos v\u00e3o trabalhar na mesma modalidade?\u201d, questiona o coordenador da CEE\/Caixa.<\/p>\n<p>\u201cE insistimos que o banco deve fazer uma dota\u00e7\u00e3o especial para o pagamento das horas-extras, para que n\u00e3o se crie banco de horas com esse atendimento aos finais de semana\u201d, ressaltou o dirigente da Contraf-CUT.<\/p>\n<h2><strong>Sem press\u00e3o<\/strong><\/h2>\n<p>Outra demanda da CEE \u00e9 para que o trabalho aos finais de semana deve ser realizado de forma volunt\u00e1ria.<\/p>\n<p>\u201cSabemos da import\u00e2ncia do programa de cr\u00e9dito para o pa\u00eds. Os empregados da Caixa sempre se colocam \u00e0 disposi\u00e7\u00e3o para ajudar no atendimento da popula\u00e7\u00e3o. Mas o trabalho aos finais de semana muda a rotina das empregadas e empregados, que cumprem sua jornada de segunda a sexta-feira e t\u00eam o s\u00e1bado e domingo para lazer, descanso, estudos e conv\u00edvio familiar. Por isso, o trabalho aos s\u00e1bados e domingos deve ser facultativo. N\u00e3o deve haver press\u00e3o do banco\u201d, disse Rafael, ressaltando que, pelo car\u00e1ter volunt\u00e1rio de participa\u00e7\u00e3o, os empregados devem entrar em contato com seu sindicato caso haja press\u00e3o para comparecimento, em especial quem cumpre a jornada em trabalho remoto.<\/p>\n<p>\u201cReconhecer os empregados que se disponham a ajudar na a\u00e7\u00e3o com o pagamento integral das horas-extras \u00e9 mais do que justi\u00e7a, \u00e9 reconhecer que a Caixa, como principal agente de pol\u00edticas p\u00fablicas do governo, valoriza a for\u00e7a de trabalho de seus milhares de empregados\u201d, concluiu.<\/p>\n<h2><strong>Cr\u00e9dito ao trabalhador<\/strong><\/h2>\n<p>O programa foi regulamentado no dia 12 de mar\u00e7o, por meio de Medida Provis\u00f3ria, e est\u00e1 em implementa\u00e7\u00e3o. A primeira fase come\u00e7a no dia 21 de mar\u00e7o, quando a contrata\u00e7\u00e3o de cr\u00e9dito j\u00e1 estar\u00e1 dispon\u00edvel pelo celular, por meio do <a href=\"https:\/\/www.gov.br\/pt-br\/temas\/carteira-de-trabalho-digital\" target=\"_blank\" rel=\"noopener noreferrer\">aplicativo Carteira de Trabalho Digital (CTPS Digital)<\/a>. Na segunda fase, a partir de 25 de abril, os bancos que participam do programa poder\u00e3o oferecer o cr\u00e9dito em seus pr\u00f3prios aplicativos.<\/p>\n<p>Caso j\u00e1 tenha algum parcelamento consignado, com mais de 120 dias de vig\u00eancia do contrato, o trabalhador poder\u00e1 fazer a migra\u00e7\u00e3o para o consignado novo, com taxas inferiores. Para baixar o <a href=\"https:\/\/www.gov.br\/pt-br\/temas\/carteira-de-trabalho-digital\" target=\"_blank\" rel=\"noopener noreferrer\">aplicativo CTPS Digital<\/a>, acesse: <a href=\"https:\/\/apps.apple.com\/br\/app\/carteira-de-trabalho-digital\/id1295257499\" target=\"_blank\" rel=\"noopener noreferrer\">iOS<\/a> (para Iphone) ou <a href=\"https:\/\/play.google.com\/store\/apps\/details?id=br.gov.dataprev.carteiradigital&amp;pli=1\" target=\"_blank\" rel=\"noopener noreferrer\">Android<\/a> (demais aparelhos celulares).<\/p>\n<p><strong>Fonte: Contraf-CUT<\/strong><\/p>\n","protected":false},"excerpt":{"rendered":"<p>As empregadas e empregados da Caixa Econ\u00f4mica Federal foram chamados a trabalhar neste final de semana (22 e 23\/03) para atender a uma demanda do Governo Federal. Desta vez, para atender interessados na nova modalidade de cr\u00e9dito consignado, criada pelo Programa Cr\u00e9dito do Trabalhador. A representa\u00e7\u00e3o sindical dos trabalhadores reivindicou e a Caixa vai pagar [&hellip;]<\/p>\n","protected":false},"author":2,"featured_media":16243,"comment_status":"","ping_status":"","sticky":false,"template":"","format":"standard","meta":{"footnotes":""},"categories":[3],"tags":[],"class_list":["post-16244","post","type-post","status-publish","format-standard","has-post-thumbnail","hentry","category-noticias"],"_links":{"self":[{"href":"https:\/\/hostnetart.com.br\/baixada\/wp-json\/wp\/v2\/posts\/16244","targetHints":{"allow":["GET"]}}],"collection":[{"href":"https:\/\/hostnetart.com.br\/baixada\/wp-json\/wp\/v2\/posts"}],"about":[{"href":"https:\/\/hostnetart.com.br\/baixada\/wp-json\/wp\/v2\/types\/post"}],"author":[{"embeddable":true,"href":"https:\/\/hostnetart.com.br\/baixada\/wp-json\/wp\/v2\/users\/2"}],"replies":[{"embeddable":true,"href":"https:\/\/hostnetart.com.br\/baixada\/wp-json\/wp\/v2\/comments?post=16244"}],"version-history":[{"count":0,"href":"https:\/\/hostnetart.com.br\/baixada\/wp-json\/wp\/v2\/posts\/16244\/revisions"}],"wp:featuredmedia":[{"embeddable":true,"href":"https:\/\/hostnetart.com.br\/baixada\/wp-json\/wp\/v2\/media\/16243"}],"wp:attachment":[{"href":"https:\/\/hostnetart.com.br\/baixada\/wp-json\/wp\/v2\/media?parent=16244"}],"wp:term":[{"taxonomy":"category","embeddable":true,"href":"https:\/\/hostnetart.com.br\/baixada\/wp-json\/wp\/v2\/categories?post=16244"},{"taxonomy":"post_tag","embeddable":true,"href":"https:\/\/hostnetart.com.br\/baixada\/wp-json\/wp\/v2\/tags?post=16244"}],"curies":[{"name":"wp","href":"https:\/\/api.w.org\/{rel}","templated":true}]}}